{"id":18619,"date":"2022-02-01T13:41:07","date_gmt":"2022-02-01T19:41:07","guid":{"rendered":"https:\/\/a3noticias.com.mx\/sandbox\/?p=18619"},"modified":"2022-02-01T13:41:08","modified_gmt":"2022-02-01T19:41:08","slug":"pedira-fgr-aprehension-de-ricardo-anaya","status":"publish","type":"post","link":"https:\/\/a3noticias.com.mx\/sandbox\/2022\/02\/01\/pedira-fgr-aprehension-de-ricardo-anaya\/","title":{"rendered":"Pedir\u00e1 FGR aprehensi\u00f3n de Ricardo Anaya."},"content":{"rendered":"\n<p>La Fiscal\u00eda General de la Rep\u00fablica busca solicitar a un juez, la detenci\u00f3n del ex candidato a la presidencia de M\u00e9xico, Ricardo Anaya Cort\u00e9s, por existir riesgo de fuga, en el proceso que enfrenta por el caso de los supuestos sobornos de Odebrecht.<\/p>\n\n\n\n<p>Lo anterior podr\u00eda darse si Ricardo Anaya, se presenta voluntariamente a la audiencia programada para el 14 de febrero, despu\u00e9s de la cancelaci\u00f3n de la comparecencia programada el lunes 31 de enero, cuando el juez de control dio positivo a Covid-19.<\/p>\n\n\n\n<p>En caso de no presentarse, la Fiscal\u00eda buscar\u00e1 una audiencia privada, para solicitar al juez que gire la orden de aprehensi\u00f3n en contra del panista por los delitos de cohecho, asociaci\u00f3n delictuosa y lavado de dinero.<\/p>\n\n\n\n<p>Debido a la gravedad de los delitos por los cuales Ricardo Anaya podr\u00eda ser procesado, la Fiscal\u00eda argumenta que el pol\u00edtico podr\u00eda sustraerse de la justicia, por lo cual el juez debe considerar imponer la medida cautelar.<\/p>\n\n\n\n<p>De ser encontrado culpable, de acuerdo con el c\u00f3digo penal federal, los delitos se\u00f1alados alcanzan un m\u00ednimo de 12 a 39 a\u00f1os de c\u00e1rcel, sin el beneficio de la libertad bajo cauci\u00f3n.<\/p>\n","protected":false},"excerpt":{"rendered":"<p>La Fiscal\u00eda General de la Rep\u00fablica busca solicitar a un juez, la detenci\u00f3n del ex candidato a la presidencia de M\u00e9xico, Ricardo Anaya Cort\u00e9s, por existir riesgo de fuga, en &hellip; <a href=\"https:\/\/a3noticias.com.mx\/sandbox\/2022\/02\/01\/pedira-fgr-aprehension-de-ricardo-anaya\/\" class=\"more-link\">Leer m\u00e1s<\/a><\/p>\n","protected":false},"author":2,"featured_media":18620,"comment_status":"open","ping_status":"open","sticky":false,"template":"","format":"standard","meta":{"_monsterinsights_skip_tracking":false,"_monsterinsights_sitenote_active":false,"_monsterinsights_sitenote_note":"","_monsterinsights_sitenote_category":0,"footnotes":""},"categories":[3],"tags":[],"class_list":["post-18619","post","type-post","status-publish","format-standard","has-post-thumbnail","hentry","category-nal","entry"],"aioseo_notices":[],"_links":{"self":[{"href":"https:\/\/a3noticias.com.mx\/sandbox\/wp-json\/wp\/v2\/posts\/18619","targetHints":{"allow":["GET"]}}],"collection":[{"href":"https:\/\/a3noticias.com.mx\/sandbox\/wp-json\/wp\/v2\/posts"}],"about":[{"href":"https:\/\/a3noticias.com.mx\/sandbox\/wp-json\/wp\/v2\/types\/post"}],"author":[{"embeddable":true,"href":"https:\/\/a3noticias.com.mx\/sandbox\/wp-json\/wp\/v2\/users\/2"}],"replies":[{"embeddable":true,"href":"https:\/\/a3noticias.com.mx\/sandbox\/wp-json\/wp\/v2\/comments?post=18619"}],"version-history":[{"count":1,"href":"https:\/\/a3noticias.com.mx\/sandbox\/wp-json\/wp\/v2\/posts\/18619\/revisions"}],"predecessor-version":[{"id":18621,"href":"https:\/\/a3noticias.com.mx\/sandbox\/wp-json\/wp\/v2\/posts\/18619\/revisions\/18621"}],"wp:featuredmedia":[{"embeddable":true,"href":"https:\/\/a3noticias.com.mx\/sandbox\/wp-json\/wp\/v2\/media\/18620"}],"wp:attachment":[{"href":"https:\/\/a3noticias.com.mx\/sandbox\/wp-json\/wp\/v2\/media?parent=18619"}],"wp:term":[{"taxonomy":"category","embeddable":true,"href":"https:\/\/a3noticias.com.mx\/sandbox\/wp-json\/wp\/v2\/categories?post=18619"},{"taxonomy":"post_tag","embeddable":true,"href":"https:\/\/a3noticias.com.mx\/sandbox\/wp-json\/wp\/v2\/tags?post=18619"}],"curies":[{"name":"wp","href":"https:\/\/api.w.org\/{rel}","templated":true}]}}