{"id":18626,"date":"2022-02-02T09:12:34","date_gmt":"2022-02-02T15:12:34","guid":{"rendered":"https:\/\/a3noticias.com.mx\/sandbox\/?p=18626"},"modified":"2022-02-02T09:12:36","modified_gmt":"2022-02-02T15:12:36","slug":"esta-es-la-razon-por-la-que-se-comen-tamales-el-dia-de-la-candelaria","status":"publish","type":"post","link":"https:\/\/a3noticias.com.mx\/sandbox\/2022\/02\/02\/esta-es-la-razon-por-la-que-se-comen-tamales-el-dia-de-la-candelaria\/","title":{"rendered":"Esta es la raz\u00f3n por la que se comen tamales el d\u00eda de la candelaria"},"content":{"rendered":"\n<p>El D\u00eda de la Candelaria se celebra cada 2 de febrero y representa la purificaci\u00f3n de la Virgen Mar\u00eda y la presentaci\u00f3n del ni\u00f1o Dios en el templo de Jerusal\u00e9n.&nbsp;<\/p>\n\n\n\n<p>Su origen proviene de creencias cristianas, espec\u00edficamente de la religi\u00f3n cat\u00f3lica, pues de acuerdo con la Biblia, toda mujer que diera a luz deb\u00eda dejar transcurrir un plazo de&nbsp;40 d\u00edas para purificarse, una vez transcurrido ese tiempo las mujeres llevaban a sus hijos varones al templo en se\u00f1al de dedicaci\u00f3n a Dios, por lo que la Virgen Mar\u00eda, madre de Jesucristo, hizo lo propio llev\u00e1ndolo a los 40 d\u00edas de nacido, d\u00eda que de acuerdo al nacimiento de Jes\u00fas corresponde con el 2 de febrero.<\/p>\n\n\n\n<p>Fue durante la \u00e9poca del Virreinato, cuando los espa\u00f1oles trajeron a M\u00e9xico la tradici\u00f3n de llevar velas a la iglesia cada 2 de febrero en agradecimiento al nacimiento de Jes\u00fas, misma que con el tiempo fue tomando fuerza a\u00f1adiendo elementos como la presentaci\u00f3n del ni\u00f1o Dios en la iglesia vestido con diversos atuendos.<\/p>\n\n\n\n<p><strong>Origen de la tradici\u00f3n de comer tamales el D\u00eda de la Candelaria<\/strong><\/p>\n\n\n\n<p>La relaci\u00f3n que tiene esta celebraci\u00f3n con el comer tamales y beber atole ese d\u00eda, tiene su origen en la fusi\u00f3n de dos tradiciones, pues se dice que<\/p>\n\n\n\n<p>en las culturas prehisp\u00e1nicas, el ma\u00edz era utilizado a manera de ofrenda para los dioses y que los ind\u00edgenas ofrec\u00edan tamales a Tlaloc, el dios de la lluvia, cada 2 de febrero para que los ayudara a tener buenas cosechas, al coincidir ambas fechas las celebraciones se fusionaron.<\/p>\n\n\n\n<p>Con el paso del tiempo, la tradici\u00f3n se enlaz\u00f3 a la partida de la famosa rosca de reyes, el 6 de enero, donde quien encuentre a un ni\u00f1o Dios, deber\u00e1 invitar los tamales y el atole el 2 de febrero.<\/p>\n\n\n\n<p>Esto debido a que la fiesta de la Epifan\u00eda se rememora el 6 de enero, d\u00eda que gira en torno a la adoraci\u00f3n del nacimiento del ni\u00f1o Jes\u00fas por parte de los tres Reyes Magos, como s\u00edmbolo del reconocimiento del mundo pagano y la revelaci\u00f3n de que Cristo es el salvador de toda la humanidad. Por lo que el ni\u00f1o Dios en la rosca significa cuando Jes\u00fas fue escondido en Egipto por sus padres para salvarlo de la persecuci\u00f3n tramada por el rey Herodes, por ello quienes encuentran al \u201cmu\u00f1eco\u201d en la rosca, ser\u00e1n los padrinos del ni\u00f1o Jes\u00fas&nbsp;en el D\u00eda de la Candelaria y regalar tamales a sus conocidos y familiares.<\/p>\n","protected":false},"excerpt":{"rendered":"<p>El D\u00eda de la Candelaria se celebra cada 2 de febrero y representa la purificaci\u00f3n de la Virgen Mar\u00eda y la presentaci\u00f3n del ni\u00f1o Dios en el templo de Jerusal\u00e9n.&nbsp; &hellip; <a href=\"https:\/\/a3noticias.com.mx\/sandbox\/2022\/02\/02\/esta-es-la-razon-por-la-que-se-comen-tamales-el-dia-de-la-candelaria\/\" class=\"more-link\">Leer m\u00e1s<\/a><\/p>\n","protected":false},"author":4,"featured_media":18627,"comment_status":"open","ping_status":"open","sticky":false,"template":"","format":"standard","meta":{"_monsterinsights_skip_tracking":false,"_monsterinsights_sitenote_active":false,"_monsterinsights_sitenote_note":"","_monsterinsights_sitenote_category":0,"footnotes":""},"categories":[9],"tags":[],"class_list":["post-18626","post","type-post","status-publish","format-standard","has-post-thumbnail","hentry","category-cultura","entry"],"aioseo_notices":[],"_links":{"self":[{"href":"https:\/\/a3noticias.com.mx\/sandbox\/wp-json\/wp\/v2\/posts\/18626","targetHints":{"allow":["GET"]}}],"collection":[{"href":"https:\/\/a3noticias.com.mx\/sandbox\/wp-json\/wp\/v2\/posts"}],"about":[{"href":"https:\/\/a3noticias.com.mx\/sandbox\/wp-json\/wp\/v2\/types\/post"}],"author":[{"embeddable":true,"href":"https:\/\/a3noticias.com.mx\/sandbox\/wp-json\/wp\/v2\/users\/4"}],"replies":[{"embeddable":true,"href":"https:\/\/a3noticias.com.mx\/sandbox\/wp-json\/wp\/v2\/comments?post=18626"}],"version-history":[{"count":1,"href":"https:\/\/a3noticias.com.mx\/sandbox\/wp-json\/wp\/v2\/posts\/18626\/revisions"}],"predecessor-version":[{"id":18628,"href":"https:\/\/a3noticias.com.mx\/sandbox\/wp-json\/wp\/v2\/posts\/18626\/revisions\/18628"}],"wp:featuredmedia":[{"embeddable":true,"href":"https:\/\/a3noticias.com.mx\/sandbox\/wp-json\/wp\/v2\/media\/18627"}],"wp:attachment":[{"href":"https:\/\/a3noticias.com.mx\/sandbox\/wp-json\/wp\/v2\/media?parent=18626"}],"wp:term":[{"taxonomy":"category","embeddable":true,"href":"https:\/\/a3noticias.com.mx\/sandbox\/wp-json\/wp\/v2\/categories?post=18626"},{"taxonomy":"post_tag","embeddable":true,"href":"https:\/\/a3noticias.com.mx\/sandbox\/wp-json\/wp\/v2\/tags?post=18626"}],"curies":[{"name":"wp","href":"https:\/\/api.w.org\/{rel}","templated":true}]}}