{"id":18656,"date":"2022-02-03T11:07:39","date_gmt":"2022-02-03T17:07:39","guid":{"rendered":"https:\/\/a3noticias.com.mx\/sandbox\/?p=18656"},"modified":"2022-02-03T11:48:33","modified_gmt":"2022-02-03T17:48:33","slug":"queretaro-podria-pasar-a-escenario-b-si-no-bajan-los-contagios-de-covid-19","status":"publish","type":"post","link":"https:\/\/a3noticias.com.mx\/sandbox\/2022\/02\/03\/queretaro-podria-pasar-a-escenario-b-si-no-bajan-los-contagios-de-covid-19\/","title":{"rendered":"Quer\u00e9taro podr\u00eda pasar a escenario \u201cB\u201d si no bajan los contagios de Covid-19"},"content":{"rendered":"\n<p>Si al 15 de febrero no logran disminuir los casos positivos de Covid-19 en la entidad, se podr\u00eda cambiar a escenario \u201cB\u201d, pues la salud de la ciudadan\u00eda queretana es primero, afirm\u00f3 el Gobernador, Mauricio Kuri Gonz\u00e1lez.<\/p>\n\n\n\n<p>Esto se deriva principalmente de la ocupaci\u00f3n hospitalaria que ha alcanzado un 41 por ciento en el estado en esta cuarta ola de contagios, por lo que se podr\u00edan tomar medidas m\u00e1s restrictivas en cuanto a la movilidad.<\/p>\n\n\n\n<p>Destac\u00f3 que la decisi\u00f3n de mantener el actual escenario o cambiarlo, ser\u00e1 tomada por el Comit\u00e9 T\u00e9cnico de Salud que sesionar\u00e1 este jueves.<\/p>\n\n\n\n<p>Se\u00f1al\u00f3 que entre el 10 y el 15 de febrero se prev\u00e9 que podr\u00eda alcanzarse el pico m\u00e1ximo de la cuarta ola provocada por la variante \u00d3micron en la entidad.<\/p>\n\n\n\n<blockquote class=\"wp-block-quote is-layout-flow wp-block-quote-is-layout-flow\"><p>\u201cYo pensar\u00eda que el punto de quiebre est\u00e1 pronto, sabemos que puede llegar por ah\u00ed del 10 o 15 de febrero, pero mientras tanto si sigue hasta el 15 de febrero tendr\u00edamos que tomar una serie de decisiones\u201d apunt\u00f3.<\/p><\/blockquote>\n\n\n\n<p>El gobernador resalt\u00f3 que un cambio de escenario podr\u00eda afectar el crecimiento econ\u00f3mico del estado, pues en el \u00faltimo trimestre de 2021, tan solo fue del siete por ciento, por lo que exhort\u00f3 a la poblaci\u00f3n a seguir las medidas sanitarias a fin de evitar que esto suceda.<\/p>\n\n\n\n<blockquote class=\"wp-block-quote is-layout-flow wp-block-quote-is-layout-flow\"><p>\u201cEs un tema no de que quieran ceder, es un tema de la salud de los queretanos, yo los entiendo, yo fui comerciante, pero primero tenemos que cuidar la salud\u201d refiri\u00f3.<\/p><\/blockquote>\n\n\n\n<p><\/p>\n","protected":false},"excerpt":{"rendered":"<p>Si al 15 de febrero no logran disminuir los casos positivos de Covid-19 en la entidad, se podr\u00eda cambiar a escenario \u201cB\u201d, pues la salud de la ciudadan\u00eda queretana es &hellip; <a href=\"https:\/\/a3noticias.com.mx\/sandbox\/2022\/02\/03\/queretaro-podria-pasar-a-escenario-b-si-no-bajan-los-contagios-de-covid-19\/\" class=\"more-link\">Leer m\u00e1s<\/a><\/p>\n","protected":false},"author":4,"featured_media":18657,"comment_status":"open","ping_status":"open","sticky":false,"template":"","format":"standard","meta":{"_monsterinsights_skip_tracking":false,"_monsterinsights_sitenote_active":false,"_monsterinsights_sitenote_note":"","_monsterinsights_sitenote_category":0,"footnotes":""},"categories":[2],"tags":[],"class_list":["post-18656","post","type-post","status-publish","format-standard","has-post-thumbnail","hentry","category-qro","entry"],"aioseo_notices":[],"_links":{"self":[{"href":"https:\/\/a3noticias.com.mx\/sandbox\/wp-json\/wp\/v2\/posts\/18656","targetHints":{"allow":["GET"]}}],"collection":[{"href":"https:\/\/a3noticias.com.mx\/sandbox\/wp-json\/wp\/v2\/posts"}],"about":[{"href":"https:\/\/a3noticias.com.mx\/sandbox\/wp-json\/wp\/v2\/types\/post"}],"author":[{"embeddable":true,"href":"https:\/\/a3noticias.com.mx\/sandbox\/wp-json\/wp\/v2\/users\/4"}],"replies":[{"embeddable":true,"href":"https:\/\/a3noticias.com.mx\/sandbox\/wp-json\/wp\/v2\/comments?post=18656"}],"version-history":[{"count":2,"href":"https:\/\/a3noticias.com.mx\/sandbox\/wp-json\/wp\/v2\/posts\/18656\/revisions"}],"predecessor-version":[{"id":18663,"href":"https:\/\/a3noticias.com.mx\/sandbox\/wp-json\/wp\/v2\/posts\/18656\/revisions\/18663"}],"wp:featuredmedia":[{"embeddable":true,"href":"https:\/\/a3noticias.com.mx\/sandbox\/wp-json\/wp\/v2\/media\/18657"}],"wp:attachment":[{"href":"https:\/\/a3noticias.com.mx\/sandbox\/wp-json\/wp\/v2\/media?parent=18656"}],"wp:term":[{"taxonomy":"category","embeddable":true,"href":"https:\/\/a3noticias.com.mx\/sandbox\/wp-json\/wp\/v2\/categories?post=18656"},{"taxonomy":"post_tag","embeddable":true,"href":"https:\/\/a3noticias.com.mx\/sandbox\/wp-json\/wp\/v2\/tags?post=18656"}],"curies":[{"name":"wp","href":"https:\/\/api.w.org\/{rel}","templated":true}]}}