{"id":18659,"date":"2022-02-03T11:40:45","date_gmt":"2022-02-03T17:40:45","guid":{"rendered":"https:\/\/a3noticias.com.mx\/sandbox\/?p=18659"},"modified":"2022-02-03T11:40:47","modified_gmt":"2022-02-03T17:40:47","slug":"uaq-inaugurara-su-propia-gasolinera-en-dos-meses","status":"publish","type":"post","link":"https:\/\/a3noticias.com.mx\/sandbox\/2022\/02\/03\/uaq-inaugurara-su-propia-gasolinera-en-dos-meses\/","title":{"rendered":"UAQ inaugurar\u00e1 su propia gasolinera en dos meses"},"content":{"rendered":"\n<p>En dos meses se inaugurar\u00e1 la primera gasolinera universitaria de la m\u00e1xima casa de estudios en la entidad, debido a que ya se cuenta con lo permisos federales, estatales y municipales, para su construcci\u00f3n y operaci\u00f3n, asegur\u00f3 el presidente del Patronato de la Universidad Aut\u00f3noma de Quer\u00e9taro, Carlos Salvador N\u00fa\u00f1ez Gudi\u00f1o.<\/p>\n\n\n\n<p>Esto lo inform\u00f3&nbsp; durante su informe&nbsp;de actividades correspondiente al periodo 2020-2021, donde se\u00f1al\u00f3 que los recursos provenientes de la venta del combustible ser\u00e1n utilizados para apoyar la investigaci\u00f3n, infraestructura, becas y otras acciones que coadyuven a cubrir las necesidades de la comunidad universitaria.<\/p>\n\n\n\n<p>La gasolinera estar\u00e1 ubicada en la calle de Corregidora esquina con Gonzalo R\u00edo Arronte y contar\u00e1 con un terreno de aproximadamente 650 metros cuadrados.<\/p>\n\n\n\n<p>Se\u00f1al\u00f3 que este proyecto forma parte de las acciones que desarrolla el Patronato el cual ser\u00e1 construido con recursos propios.<\/p>\n\n\n\n<p>Por su parte, la rectora de la Instituci\u00f3n, la Doctora Teresa Garc\u00eda Gasca, agradeci\u00f3 el apoyo del patronato y pidi\u00f3 \u201cque se siga trabajando con la responsabilidad que ha caracterizado siempre a todo el grupo de trabajo\u201d.&nbsp;<\/p>\n","protected":false},"excerpt":{"rendered":"<p>En dos meses se inaugurar\u00e1 la primera gasolinera universitaria de la m\u00e1xima casa de estudios en la entidad, debido a que ya se cuenta con lo permisos federales, estatales y &hellip; <a href=\"https:\/\/a3noticias.com.mx\/sandbox\/2022\/02\/03\/uaq-inaugurara-su-propia-gasolinera-en-dos-meses\/\" class=\"more-link\">Leer m\u00e1s<\/a><\/p>\n","protected":false},"author":4,"featured_media":18661,"comment_status":"open","ping_status":"open","sticky":false,"template":"","format":"standard","meta":{"_monsterinsights_skip_tracking":false,"_monsterinsights_sitenote_active":false,"_monsterinsights_sitenote_note":"","_monsterinsights_sitenote_category":0,"footnotes":""},"categories":[2],"tags":[],"class_list":["post-18659","post","type-post","status-publish","format-standard","has-post-thumbnail","hentry","category-qro","entry"],"aioseo_notices":[],"_links":{"self":[{"href":"https:\/\/a3noticias.com.mx\/sandbox\/wp-json\/wp\/v2\/posts\/18659","targetHints":{"allow":["GET"]}}],"collection":[{"href":"https:\/\/a3noticias.com.mx\/sandbox\/wp-json\/wp\/v2\/posts"}],"about":[{"href":"https:\/\/a3noticias.com.mx\/sandbox\/wp-json\/wp\/v2\/types\/post"}],"author":[{"embeddable":true,"href":"https:\/\/a3noticias.com.mx\/sandbox\/wp-json\/wp\/v2\/users\/4"}],"replies":[{"embeddable":true,"href":"https:\/\/a3noticias.com.mx\/sandbox\/wp-json\/wp\/v2\/comments?post=18659"}],"version-history":[{"count":1,"href":"https:\/\/a3noticias.com.mx\/sandbox\/wp-json\/wp\/v2\/posts\/18659\/revisions"}],"predecessor-version":[{"id":18662,"href":"https:\/\/a3noticias.com.mx\/sandbox\/wp-json\/wp\/v2\/posts\/18659\/revisions\/18662"}],"wp:featuredmedia":[{"embeddable":true,"href":"https:\/\/a3noticias.com.mx\/sandbox\/wp-json\/wp\/v2\/media\/18661"}],"wp:attachment":[{"href":"https:\/\/a3noticias.com.mx\/sandbox\/wp-json\/wp\/v2\/media?parent=18659"}],"wp:term":[{"taxonomy":"category","embeddable":true,"href":"https:\/\/a3noticias.com.mx\/sandbox\/wp-json\/wp\/v2\/categories?post=18659"},{"taxonomy":"post_tag","embeddable":true,"href":"https:\/\/a3noticias.com.mx\/sandbox\/wp-json\/wp\/v2\/tags?post=18659"}],"curies":[{"name":"wp","href":"https:\/\/api.w.org\/{rel}","templated":true}]}}