{"id":18664,"date":"2022-02-03T11:59:24","date_gmt":"2022-02-03T17:59:24","guid":{"rendered":"https:\/\/a3noticias.com.mx\/sandbox\/?p=18664"},"modified":"2022-02-03T11:59:26","modified_gmt":"2022-02-03T17:59:26","slug":"sduop-contempla-ciclovias-en-rehabilitacion-de-av-5-de-febrero","status":"publish","type":"post","link":"https:\/\/a3noticias.com.mx\/sandbox\/2022\/02\/03\/sduop-contempla-ciclovias-en-rehabilitacion-de-av-5-de-febrero\/","title":{"rendered":"SDUOP contempla ciclov\u00edas en rehabilitaci\u00f3n de Av. 5 de Febrero."},"content":{"rendered":"\n<p>Fernando Gonz\u00e1lez Salinas, titular de la Secretar\u00eda de Desarrollo Urbano y Obras P\u00fablicas, dijo que s\u00ed se tiene contemplada la instalaci\u00f3n de ciclov\u00edas en la rehabilitaci\u00f3n de la Avenida 5 de Febrero.&nbsp;<\/p>\n\n\n\n<blockquote class=\"wp-block-quote is-layout-flow wp-block-quote-is-layout-flow\"><p>\u201cEn el caso de 5 de Febrero tenemos claro que tiene que haber una ciclov\u00eda\u201d.<\/p><\/blockquote>\n\n\n\n<p>Pues se\u00f1al\u00f3 que todos los proyectos de la actual administraci\u00f3n tienen contemplada infraestructura de movilidad no motora, considerando la pir\u00e1mide de movilidad.&nbsp;<\/p>\n\n\n\n<p>En este sentido, apunt\u00f3 que se ha reunido con los colectivos de ciclistas, a fin de implementar este sistema de movilidad.&nbsp;<\/p>\n","protected":false},"excerpt":{"rendered":"<p>Fernando Gonz\u00e1lez Salinas, titular de la Secretar\u00eda de Desarrollo Urbano y Obras P\u00fablicas, dijo que s\u00ed se tiene contemplada la instalaci\u00f3n de ciclov\u00edas en la rehabilitaci\u00f3n de la Avenida 5 &hellip; <a href=\"https:\/\/a3noticias.com.mx\/sandbox\/2022\/02\/03\/sduop-contempla-ciclovias-en-rehabilitacion-de-av-5-de-febrero\/\" class=\"more-link\">Leer m\u00e1s<\/a><\/p>\n","protected":false},"author":2,"featured_media":18665,"comment_status":"open","ping_status":"open","sticky":false,"template":"","format":"standard","meta":{"_monsterinsights_skip_tracking":false,"_monsterinsights_sitenote_active":false,"_monsterinsights_sitenote_note":"","_monsterinsights_sitenote_category":0,"footnotes":""},"categories":[2],"tags":[],"class_list":["post-18664","post","type-post","status-publish","format-standard","has-post-thumbnail","hentry","category-qro","entry"],"aioseo_notices":[],"_links":{"self":[{"href":"https:\/\/a3noticias.com.mx\/sandbox\/wp-json\/wp\/v2\/posts\/18664","targetHints":{"allow":["GET"]}}],"collection":[{"href":"https:\/\/a3noticias.com.mx\/sandbox\/wp-json\/wp\/v2\/posts"}],"about":[{"href":"https:\/\/a3noticias.com.mx\/sandbox\/wp-json\/wp\/v2\/types\/post"}],"author":[{"embeddable":true,"href":"https:\/\/a3noticias.com.mx\/sandbox\/wp-json\/wp\/v2\/users\/2"}],"replies":[{"embeddable":true,"href":"https:\/\/a3noticias.com.mx\/sandbox\/wp-json\/wp\/v2\/comments?post=18664"}],"version-history":[{"count":1,"href":"https:\/\/a3noticias.com.mx\/sandbox\/wp-json\/wp\/v2\/posts\/18664\/revisions"}],"predecessor-version":[{"id":18666,"href":"https:\/\/a3noticias.com.mx\/sandbox\/wp-json\/wp\/v2\/posts\/18664\/revisions\/18666"}],"wp:featuredmedia":[{"embeddable":true,"href":"https:\/\/a3noticias.com.mx\/sandbox\/wp-json\/wp\/v2\/media\/18665"}],"wp:attachment":[{"href":"https:\/\/a3noticias.com.mx\/sandbox\/wp-json\/wp\/v2\/media?parent=18664"}],"wp:term":[{"taxonomy":"category","embeddable":true,"href":"https:\/\/a3noticias.com.mx\/sandbox\/wp-json\/wp\/v2\/categories?post=18664"},{"taxonomy":"post_tag","embeddable":true,"href":"https:\/\/a3noticias.com.mx\/sandbox\/wp-json\/wp\/v2\/tags?post=18664"}],"curies":[{"name":"wp","href":"https:\/\/api.w.org\/{rel}","templated":true}]}}