{"id":18677,"date":"2022-02-04T10:03:05","date_gmt":"2022-02-04T16:03:05","guid":{"rendered":"https:\/\/a3noticias.com.mx\/sandbox\/?p=18677"},"modified":"2022-02-04T10:03:07","modified_gmt":"2022-02-04T16:03:07","slug":"revocacion-de-mandato-conviene-a-todos-amlo","status":"publish","type":"post","link":"https:\/\/a3noticias.com.mx\/sandbox\/2022\/02\/04\/revocacion-de-mandato-conviene-a-todos-amlo\/","title":{"rendered":"Revocaci\u00f3n de mandato conviene a todos: AMLO"},"content":{"rendered":"\n<p>El presidente Andr\u00e9s Manuel L\u00f3pez Obrador asegur\u00f3 que la revocaci\u00f3n de mandato conviene a todos e hizo un llamado a la oposici\u00f3n a resolver sus diferencias a trav\u00e9s del voto.&nbsp;<\/p>\n\n\n\n<blockquote class=\"wp-block-quote is-layout-flow wp-block-quote-is-layout-flow\"><p>\u201cEs importante que se lleve a cabo la consulta, a todos nos conviene, para que el ciudadano califique al gobierno, eso es lo mejor, porque es una forma tambi\u00e9n pac\u00edfica, legal, leg\u00edtima de dirimir nuestras diferencias, si dicen que est\u00e1 mal el gobierno\u00bb.<\/p><\/blockquote>\n\n\n\n<p>L\u00f3pez Obrador se\u00f1al\u00f3 que se trata de una gran oportunidad para que la ciudadan\u00eda decida si est\u00e1 o no de acuerdo con que siga \u00e9l como Presidente, pero dijo que le llama la atenci\u00f3n \u00abque no quieren la consulta y para qu\u00e9 se hace\u00bb.&nbsp;<\/p>\n\n\n\n<blockquote class=\"wp-block-quote is-layout-flow wp-block-quote-is-layout-flow\"><p>\u00a0\u00abYo no voy a encapricharme aunque no me quieran, como fui electo democr\u00e1ticamente me voy a quedar hasta el final, no, no no. Si no tengo el apoyo del pueblo, no se puede gobernar sin el apoyo del pueblo. Un gobernante que no tiene el apoyo del pueblo es como una hoja seca\u00bb.\u00a0<\/p><\/blockquote>\n\n\n\n<p>A partir de hoy, viernes 4 de febrero y hasta el 10 de abril, se deber\u00e1 suspender la difusi\u00f3n de toda la propaganda gubernamental de cualquier orden de gobierno, seg\u00fan la convocatoria de la consulta de revocaci\u00f3n de mandato, que emitir\u00e1 este viernes el Consejo General del Instituto Nacional Electoral (INE).<\/p>\n","protected":false},"excerpt":{"rendered":"<p>El presidente Andr\u00e9s Manuel L\u00f3pez Obrador asegur\u00f3 que la revocaci\u00f3n de mandato conviene a todos e hizo un llamado a la oposici\u00f3n a resolver sus diferencias a trav\u00e9s del voto.&nbsp; &hellip; <a href=\"https:\/\/a3noticias.com.mx\/sandbox\/2022\/02\/04\/revocacion-de-mandato-conviene-a-todos-amlo\/\" class=\"more-link\">Leer m\u00e1s<\/a><\/p>\n","protected":false},"author":2,"featured_media":18678,"comment_status":"open","ping_status":"open","sticky":false,"template":"","format":"standard","meta":{"_monsterinsights_skip_tracking":false,"_monsterinsights_sitenote_active":false,"_monsterinsights_sitenote_note":"","_monsterinsights_sitenote_category":0,"footnotes":""},"categories":[3],"tags":[],"class_list":["post-18677","post","type-post","status-publish","format-standard","has-post-thumbnail","hentry","category-nal","entry"],"aioseo_notices":[],"_links":{"self":[{"href":"https:\/\/a3noticias.com.mx\/sandbox\/wp-json\/wp\/v2\/posts\/18677","targetHints":{"allow":["GET"]}}],"collection":[{"href":"https:\/\/a3noticias.com.mx\/sandbox\/wp-json\/wp\/v2\/posts"}],"about":[{"href":"https:\/\/a3noticias.com.mx\/sandbox\/wp-json\/wp\/v2\/types\/post"}],"author":[{"embeddable":true,"href":"https:\/\/a3noticias.com.mx\/sandbox\/wp-json\/wp\/v2\/users\/2"}],"replies":[{"embeddable":true,"href":"https:\/\/a3noticias.com.mx\/sandbox\/wp-json\/wp\/v2\/comments?post=18677"}],"version-history":[{"count":1,"href":"https:\/\/a3noticias.com.mx\/sandbox\/wp-json\/wp\/v2\/posts\/18677\/revisions"}],"predecessor-version":[{"id":18679,"href":"https:\/\/a3noticias.com.mx\/sandbox\/wp-json\/wp\/v2\/posts\/18677\/revisions\/18679"}],"wp:featuredmedia":[{"embeddable":true,"href":"https:\/\/a3noticias.com.mx\/sandbox\/wp-json\/wp\/v2\/media\/18678"}],"wp:attachment":[{"href":"https:\/\/a3noticias.com.mx\/sandbox\/wp-json\/wp\/v2\/media?parent=18677"}],"wp:term":[{"taxonomy":"category","embeddable":true,"href":"https:\/\/a3noticias.com.mx\/sandbox\/wp-json\/wp\/v2\/categories?post=18677"},{"taxonomy":"post_tag","embeddable":true,"href":"https:\/\/a3noticias.com.mx\/sandbox\/wp-json\/wp\/v2\/tags?post=18677"}],"curies":[{"name":"wp","href":"https:\/\/api.w.org\/{rel}","templated":true}]}}