{"id":18680,"date":"2022-02-04T10:38:28","date_gmt":"2022-02-04T16:38:28","guid":{"rendered":"https:\/\/a3noticias.com.mx\/sandbox\/?p=18680"},"modified":"2022-02-04T10:38:30","modified_gmt":"2022-02-04T16:38:30","slug":"no-se-suspenderan-programas-sociales-por-veda-electoral-sedesoq","status":"publish","type":"post","link":"https:\/\/a3noticias.com.mx\/sandbox\/2022\/02\/04\/no-se-suspenderan-programas-sociales-por-veda-electoral-sedesoq\/","title":{"rendered":"No se suspender\u00e1n programas sociales por veda electoral: SEDESOQ"},"content":{"rendered":"\n<p>Debido a la consulta popular para la revocaci\u00f3n de mandato, este viernes inicia la veda electoral; sin embargo, la Secretar\u00eda de Desarrollo Social de Quer\u00e9taro (SEDESOQ) no tiene estipulada la suspensi\u00f3n de programas, pues de acuerdo con Agust\u00edn Dorantes L\u00e1mbarri, titular de la dependencia, el Instituto Nacional Electoral (INE) imparti\u00f3 una capacitaci\u00f3n sobre qu\u00e9 se puede hacer y qu\u00e9 no durante el tiempo de veda.&nbsp;<\/p>\n\n\n\n<blockquote class=\"wp-block-quote is-layout-flow wp-block-quote-is-layout-flow\"><p>\u201cHasta el momento y por lo que me coment\u00f3 mi director jur\u00eddico, que \u00e9l recibi\u00f3 la capacitaci\u00f3n, es que vamos a poder seguir operando los distintos programas sin hacer alg\u00fan acto de promoci\u00f3n o eventos masivos\u201d.<\/p><\/blockquote>\n\n\n\n<p>Lambarri apunt\u00f3 que los programas continuar\u00e1n, sin embargo no se podr\u00e1 hacer ninguna promoci\u00f3n o evento masivo de entregas o anuncios.<\/p>\n\n\n\n<blockquote class=\"wp-block-quote is-layout-flow wp-block-quote-is-layout-flow\"><p>\u201cLos programas continuar\u00e1n, pero tendr\u00e1n que hacerse sin ninguna promoci\u00f3n, no se podr\u00e1n hacer eventos masivos de entrega o de anuncios, pero s\u00ed podremos continuar con la validaci\u00f3n del programa de mujeres en condici\u00f3n de vulnerabilidad\u201d.<\/p><\/blockquote>\n","protected":false},"excerpt":{"rendered":"<p>Debido a la consulta popular para la revocaci\u00f3n de mandato, este viernes inicia la veda electoral; sin embargo, la Secretar\u00eda de Desarrollo Social de Quer\u00e9taro (SEDESOQ) no tiene estipulada la &hellip; <a href=\"https:\/\/a3noticias.com.mx\/sandbox\/2022\/02\/04\/no-se-suspenderan-programas-sociales-por-veda-electoral-sedesoq\/\" class=\"more-link\">Leer m\u00e1s<\/a><\/p>\n","protected":false},"author":2,"featured_media":18170,"comment_status":"open","ping_status":"open","sticky":false,"template":"","format":"standard","meta":{"_monsterinsights_skip_tracking":false,"_monsterinsights_sitenote_active":false,"_monsterinsights_sitenote_note":"","_monsterinsights_sitenote_category":0,"footnotes":""},"categories":[2],"tags":[],"class_list":["post-18680","post","type-post","status-publish","format-standard","has-post-thumbnail","hentry","category-qro","entry"],"aioseo_notices":[],"_links":{"self":[{"href":"https:\/\/a3noticias.com.mx\/sandbox\/wp-json\/wp\/v2\/posts\/18680","targetHints":{"allow":["GET"]}}],"collection":[{"href":"https:\/\/a3noticias.com.mx\/sandbox\/wp-json\/wp\/v2\/posts"}],"about":[{"href":"https:\/\/a3noticias.com.mx\/sandbox\/wp-json\/wp\/v2\/types\/post"}],"author":[{"embeddable":true,"href":"https:\/\/a3noticias.com.mx\/sandbox\/wp-json\/wp\/v2\/users\/2"}],"replies":[{"embeddable":true,"href":"https:\/\/a3noticias.com.mx\/sandbox\/wp-json\/wp\/v2\/comments?post=18680"}],"version-history":[{"count":1,"href":"https:\/\/a3noticias.com.mx\/sandbox\/wp-json\/wp\/v2\/posts\/18680\/revisions"}],"predecessor-version":[{"id":18681,"href":"https:\/\/a3noticias.com.mx\/sandbox\/wp-json\/wp\/v2\/posts\/18680\/revisions\/18681"}],"wp:featuredmedia":[{"embeddable":true,"href":"https:\/\/a3noticias.com.mx\/sandbox\/wp-json\/wp\/v2\/media\/18170"}],"wp:attachment":[{"href":"https:\/\/a3noticias.com.mx\/sandbox\/wp-json\/wp\/v2\/media?parent=18680"}],"wp:term":[{"taxonomy":"category","embeddable":true,"href":"https:\/\/a3noticias.com.mx\/sandbox\/wp-json\/wp\/v2\/categories?post=18680"},{"taxonomy":"post_tag","embeddable":true,"href":"https:\/\/a3noticias.com.mx\/sandbox\/wp-json\/wp\/v2\/tags?post=18680"}],"curies":[{"name":"wp","href":"https:\/\/api.w.org\/{rel}","templated":true}]}}