{"id":18685,"date":"2022-02-04T13:13:46","date_gmt":"2022-02-04T19:13:46","guid":{"rendered":"https:\/\/a3noticias.com.mx\/sandbox\/?p=18685"},"modified":"2022-02-04T13:13:47","modified_gmt":"2022-02-04T19:13:47","slug":"uaq-tiene-planeados-dos-debates-con-aspirantes-a-la-direccion-de-ddhq","status":"publish","type":"post","link":"https:\/\/a3noticias.com.mx\/sandbox\/2022\/02\/04\/uaq-tiene-planeados-dos-debates-con-aspirantes-a-la-direccion-de-ddhq\/","title":{"rendered":"UAQ tiene planeados dos debates con aspirantes a la direcci\u00f3n de DDHQ."},"content":{"rendered":"\n<p>Debido a la elecci\u00f3n del nuevo titular de la Defensor\u00eda de Derechos Humanos, la Universidad Aut\u00f3noma de Quer\u00e9taro (UAQ) llevar\u00e1 a cabo dos debates con los candidatos a la direcci\u00f3n de la dependencia, se busca socializar la informaci\u00f3n sobre los aspirantes a esta dependencia aut\u00f3noma<\/p>\n\n\n\n<p>El primer debate se llevar\u00e1 a cabo el martes 8 de febrero a las 19 horas y ser\u00e1 con los primeros nueve candidatos, mientras que el resto se debatir\u00e1&nbsp; el mi\u00e9rcoles a las 9 am.&nbsp;<\/p>\n\n\n\n<p>Ser\u00e1n cuatro los segmentos en los que tendr\u00e1n que desarrollar su trayectoria profesional en la materia, cuestionamientos emitidos por la sociedad civil, cuestionamientos del moderados y finalmente el cierre del debate.<\/p>\n\n\n\n<p>De acuerdo con el director de comunicaci\u00f3n y medios, Arturo Marcial Padr\u00f3n, los 14 candidatos ya est\u00e1n confirmados, por lo que el fin de semana el sorteo ser\u00e1 llevado a cabo<\/p>\n\n\n\n<blockquote class=\"wp-block-quote is-layout-flow wp-block-quote-is-layout-flow\"><p>\u201cNosotros invitamos a los 18 aspirantes a unas mesas de an\u00e1lisis que se desarrollaron en nuestro noticiero, asistieron 14, de los 14 que asistieron, todos manifestaron que asistir\u00e1n a los debates\u201d.\u00a0<\/p><\/blockquote>\n\n\n\n<p>Por su parte, la rectora de la Universidad, Teresa Garc\u00eda Gasca, se\u00f1al\u00f3 que este ejercicio es democr\u00e1tico no vinculante y apunt\u00f3 que espera que la legislatura escuche los debates para poder tomar una decisi\u00f3n bien pensada.<\/p>\n\n\n\n<blockquote class=\"wp-block-quote is-layout-flow wp-block-quote-is-layout-flow\"><p>\u201cEsperemos que la legislatura escuche los debates, se meta, los viva y entonces tambi\u00e9n eso les sirva para tomar una decisi\u00f3n bien pensada\u201d.\u00a0<\/p><\/blockquote>\n","protected":false},"excerpt":{"rendered":"<p>Debido a la elecci\u00f3n del nuevo titular de la Defensor\u00eda de Derechos Humanos, la Universidad Aut\u00f3noma de Quer\u00e9taro (UAQ) llevar\u00e1 a cabo dos debates con los candidatos a la direcci\u00f3n &hellip; <a href=\"https:\/\/a3noticias.com.mx\/sandbox\/2022\/02\/04\/uaq-tiene-planeados-dos-debates-con-aspirantes-a-la-direccion-de-ddhq\/\" class=\"more-link\">Leer m\u00e1s<\/a><\/p>\n","protected":false},"author":2,"featured_media":18686,"comment_status":"open","ping_status":"open","sticky":false,"template":"","format":"standard","meta":{"_monsterinsights_skip_tracking":false,"_monsterinsights_sitenote_active":false,"_monsterinsights_sitenote_note":"","_monsterinsights_sitenote_category":0,"footnotes":""},"categories":[2],"tags":[],"class_list":["post-18685","post","type-post","status-publish","format-standard","has-post-thumbnail","hentry","category-qro","entry"],"aioseo_notices":[],"_links":{"self":[{"href":"https:\/\/a3noticias.com.mx\/sandbox\/wp-json\/wp\/v2\/posts\/18685","targetHints":{"allow":["GET"]}}],"collection":[{"href":"https:\/\/a3noticias.com.mx\/sandbox\/wp-json\/wp\/v2\/posts"}],"about":[{"href":"https:\/\/a3noticias.com.mx\/sandbox\/wp-json\/wp\/v2\/types\/post"}],"author":[{"embeddable":true,"href":"https:\/\/a3noticias.com.mx\/sandbox\/wp-json\/wp\/v2\/users\/2"}],"replies":[{"embeddable":true,"href":"https:\/\/a3noticias.com.mx\/sandbox\/wp-json\/wp\/v2\/comments?post=18685"}],"version-history":[{"count":1,"href":"https:\/\/a3noticias.com.mx\/sandbox\/wp-json\/wp\/v2\/posts\/18685\/revisions"}],"predecessor-version":[{"id":18687,"href":"https:\/\/a3noticias.com.mx\/sandbox\/wp-json\/wp\/v2\/posts\/18685\/revisions\/18687"}],"wp:featuredmedia":[{"embeddable":true,"href":"https:\/\/a3noticias.com.mx\/sandbox\/wp-json\/wp\/v2\/media\/18686"}],"wp:attachment":[{"href":"https:\/\/a3noticias.com.mx\/sandbox\/wp-json\/wp\/v2\/media?parent=18685"}],"wp:term":[{"taxonomy":"category","embeddable":true,"href":"https:\/\/a3noticias.com.mx\/sandbox\/wp-json\/wp\/v2\/categories?post=18685"},{"taxonomy":"post_tag","embeddable":true,"href":"https:\/\/a3noticias.com.mx\/sandbox\/wp-json\/wp\/v2\/tags?post=18685"}],"curies":[{"name":"wp","href":"https:\/\/api.w.org\/{rel}","templated":true}]}}