{"id":18688,"date":"2022-02-04T14:02:59","date_gmt":"2022-02-04T20:02:59","guid":{"rendered":"https:\/\/a3noticias.com.mx\/sandbox\/?p=18688"},"modified":"2022-02-04T14:03:02","modified_gmt":"2022-02-04T20:03:02","slug":"alumnos-rezagados-de-educacion-basica-recibiran-regularizacion","status":"publish","type":"post","link":"https:\/\/a3noticias.com.mx\/sandbox\/2022\/02\/04\/alumnos-rezagados-de-educacion-basica-recibiran-regularizacion\/","title":{"rendered":"Alumnos rezagados de educaci\u00f3n b\u00e1sica recibir\u00e1n regularizaci\u00f3n."},"content":{"rendered":"\n<p>De acuerdo con Ra\u00fal Iturralde Olvera, Coordinador General de la USEBEQ, se van a impartir cursos de regularizaci\u00f3n durante las vacaciones de verano para los alumnos a nivel educaci\u00f3n b\u00e1sica que est\u00e9n m\u00e1s rezagados.&nbsp;<\/p>\n\n\n\n<p>Iturralde Olvera reconoci\u00f3 que la pandemia ha dejado rezagos en el aprendizaje de los estudiantes y se\u00f1al\u00f3 que la USEBEQ tratar\u00e1 de subsanar, en medida de lo posible, esta situaci\u00f3n.&nbsp;<\/p>\n\n\n\n<p>Record\u00f3 que por disposici\u00f3n de la Secretar\u00eda de Educaci\u00f3n Publica (SEP) durante el verano se recortar\u00e1n las vacaciones de seis a tres semanas, y de estas \u00faltimas, la USEBEQ en Quer\u00e9taro pretende utilizar dos, para que aquellos padres de familia, que as\u00ed lo deseen y de manera voluntaria, env\u00eden a sus hijos a dichos cursos.&nbsp;<\/p>\n\n\n\n<p>Iturralde Olvera, adelant\u00f3 que tambi\u00e9n se pedir\u00e1 apoyo a los docentes, con el prop\u00f3sito de que se sumen al esfuerzo de abatir el rezago educativo que ha dejado la pandemia en el estado.<\/p>\n","protected":false},"excerpt":{"rendered":"<p>De acuerdo con Ra\u00fal Iturralde Olvera, Coordinador General de la USEBEQ, se van a impartir cursos de regularizaci\u00f3n durante las vacaciones de verano para los alumnos a nivel educaci\u00f3n b\u00e1sica &hellip; <a href=\"https:\/\/a3noticias.com.mx\/sandbox\/2022\/02\/04\/alumnos-rezagados-de-educacion-basica-recibiran-regularizacion\/\" class=\"more-link\">Leer m\u00e1s<\/a><\/p>\n","protected":false},"author":2,"featured_media":16130,"comment_status":"open","ping_status":"open","sticky":false,"template":"","format":"standard","meta":{"_monsterinsights_skip_tracking":false,"_monsterinsights_sitenote_active":false,"_monsterinsights_sitenote_note":"","_monsterinsights_sitenote_category":0,"footnotes":""},"categories":[2],"tags":[],"class_list":["post-18688","post","type-post","status-publish","format-standard","has-post-thumbnail","hentry","category-qro","entry"],"aioseo_notices":[],"_links":{"self":[{"href":"https:\/\/a3noticias.com.mx\/sandbox\/wp-json\/wp\/v2\/posts\/18688","targetHints":{"allow":["GET"]}}],"collection":[{"href":"https:\/\/a3noticias.com.mx\/sandbox\/wp-json\/wp\/v2\/posts"}],"about":[{"href":"https:\/\/a3noticias.com.mx\/sandbox\/wp-json\/wp\/v2\/types\/post"}],"author":[{"embeddable":true,"href":"https:\/\/a3noticias.com.mx\/sandbox\/wp-json\/wp\/v2\/users\/2"}],"replies":[{"embeddable":true,"href":"https:\/\/a3noticias.com.mx\/sandbox\/wp-json\/wp\/v2\/comments?post=18688"}],"version-history":[{"count":1,"href":"https:\/\/a3noticias.com.mx\/sandbox\/wp-json\/wp\/v2\/posts\/18688\/revisions"}],"predecessor-version":[{"id":18689,"href":"https:\/\/a3noticias.com.mx\/sandbox\/wp-json\/wp\/v2\/posts\/18688\/revisions\/18689"}],"wp:featuredmedia":[{"embeddable":true,"href":"https:\/\/a3noticias.com.mx\/sandbox\/wp-json\/wp\/v2\/media\/16130"}],"wp:attachment":[{"href":"https:\/\/a3noticias.com.mx\/sandbox\/wp-json\/wp\/v2\/media?parent=18688"}],"wp:term":[{"taxonomy":"category","embeddable":true,"href":"https:\/\/a3noticias.com.mx\/sandbox\/wp-json\/wp\/v2\/categories?post=18688"},{"taxonomy":"post_tag","embeddable":true,"href":"https:\/\/a3noticias.com.mx\/sandbox\/wp-json\/wp\/v2\/tags?post=18688"}],"curies":[{"name":"wp","href":"https:\/\/api.w.org\/{rel}","templated":true}]}}