{"id":18693,"date":"2022-02-05T10:00:39","date_gmt":"2022-02-05T16:00:39","guid":{"rendered":"https:\/\/a3noticias.com.mx\/sandbox\/?p=18693"},"modified":"2022-02-04T16:37:51","modified_gmt":"2022-02-04T22:37:51","slug":"sabes-de-donde-provienen-los-nombres-de-los-municipios-queretanos","status":"publish","type":"post","link":"https:\/\/a3noticias.com.mx\/sandbox\/2022\/02\/05\/sabes-de-donde-provienen-los-nombres-de-los-municipios-queretanos\/","title":{"rendered":"\u00bfSabes de d\u00f3nde provienen los nombres de los municipios queretanos?"},"content":{"rendered":"\n<p>Los queretanos por excelencia conocemos los municipios que conforman nuestro bello estado, sin embargo, \u00bfalguna vez te has preguntado de d\u00f3nde provienen los nombres de los municipios? Aqu\u00ed te lo explicamos.<\/p>\n\n\n\n<p><strong>Amealco<\/strong><\/p>\n\n\n\n<p>La palabra \u201cAmealco\u201d proviene del n\u00e1huatl \u201cAmeyalco\u201d compuesta por \u201cAmeyalli\u201d que significa fuente o manantial , y \u201cCo\u201d que se refiere a la preposici\u00f3n \u201cen\u201d. Por lo que si lo traducimos al espa\u00f1ol significa: \u201cEn el Manantial\u201d o \u201cEn los Manantiales\u201d. Con el tiempo ha quedado como \u201c lugar donde brota agua de las rocas\u201d.<\/p>\n\n\n\n<p><strong>Arroyo Seco<\/strong><\/p>\n\n\n\n<p>En un inicio se le conoc\u00eda como \u201cEl Presidio de Arroyo Seco\u201d, Posteriormente, de 1833 a 1840 se le nombr\u00f3 Villa de Guadalupe, hasta que finalmente se le otorg\u00f3 el nombre con el que se le conoce actualmente; el cual se encuentra representado en la tercera parte del escudo. Tambi\u00e9n se le conoce como \u201clugar rodeado de r\u00edos\u201d, debido a que cuenta con cien aprovechamientos de agua.<\/p>\n\n\n\n<p><strong>Cadereyta De Montes<\/strong><\/p>\n\n\n\n<p>Las palabra Cadereyta significa \u201cLos de la fortaleza\u201d. El 11 de mayo de 1904&nbsp;se&nbsp;agreg\u00f3 al nombre de&nbsp;Cadereyta&nbsp;el apellido \u201cde&nbsp;Montes\u201d en memoria del ilustre Lic. Ezequiel&nbsp;Montes, originario de este lugar, quedando con este nombre la ciudad y Distrito de&nbsp;Cadereyta de Montes.<\/p>\n\n\n\n<p><strong>Col\u00f3n<\/strong><\/p>\n\n\n\n<p>Fue nombrado as\u00ed en honor al descubridor de&nbsp;Am\u00e9rica, Cristobal Col\u00f3n. El nombre de Col\u00f3n se da a esta ciudad y municipio por petici\u00f3n de sus habitantes y por Decreto del Congreso con fecha 12 de junio de 1882, que en su Art\u00edculo 2\u00ba,&nbsp;Ley&nbsp;59, dice: \u00abDe Los Pueblos de Tolimanejo y Soriano se formar\u00e1 una villa que se denominar\u00e1 \u00abVilla Col\u00f3n\u00bb, as\u00ed lo mand\u00f3 el gobernador Don Francisco Gonz\u00e1lez de Cos\u00edo. Desde entonces se llama de esa forma.<\/p>\n\n\n\n<p><strong>Corregidora<\/strong><\/p>\n\n\n\n<p>Proviene del sobrenombre con que se conoci\u00f3 popularmente a Do\u00f1a Josefa Ort\u00edz de Dom\u00ednguez, hero\u00edna queretana de la guerra de Independencia de 1810.<\/p>\n\n\n\n<p><strong>Ezequiel Montes<\/strong><\/p>\n\n\n\n<p>Lleva su nombre en honor al c\u00e9lebre&nbsp;Ezequiel Montes Ledesma, originario de&nbsp;Cadereyta,&nbsp;Quer\u00e9taro, quien fuera un importante personaje para el pa\u00eds: abogado, catedr\u00e1tico, diputado local, diputado federal, Secretario de Estado, Secretario de Relaciones Exteriores, Ministro Plenipotenciario de M\u00e9xico ante la&nbsp;Santa Sede, entre otros cargos que le permitieron servir a M\u00e9xico.&nbsp;<\/p>\n\n\n\n<p><strong>Huimilpan<\/strong><\/p>\n\n\n\n<p>Significa \u201cLugar de Grandes Milpas\u201d. Pues se deriva del&nbsp;Nahu\u00e1tl \u201chui\u201d que significa lugar; \u201cmil\u201d que se traduce como milpa; y \u201cpan\u201d que se refiere a las preposiciones: sobre o en.&nbsp;<\/p>\n\n\n\n<p><strong>Jalpan de Serra<\/strong><\/p>\n\n\n\n<p>Tambi\u00e9n proviene del N\u00e1huatl, de la palabra \u201cxalli\u201d que se traduce como: arena; y&nbsp;\u201cpan\u201d&nbsp;que significa: sobre, por lo que se le denomina \u201cLugar sobre arena\u201d. Y Serra se le otorga debido al apellido del misionero Fray Jun\u00edpero Serra.<\/p>\n\n\n\n<p><strong>Landa de Matamoros<\/strong><\/p>\n\n\n\n<p>El vocablo \u201cLanda\u201d proviene del chichimeca Lan-h\u00e1 que significa \u00abcenagoso\u201d. En 1919 el Congreso del Estado decreta que en honor al patriota insurgente Don Mariano Matamoros, se le agregara a la poblaci\u00f3n de Landa el apellido de este personaje.<\/p>\n\n\n\n<p><strong>El Marqu\u00e9s<\/strong><\/p>\n\n\n\n<p>El&nbsp;municipio&nbsp;de \u201cEl&nbsp;Marqu\u00e9s\u201d, recibe su nombre a la memoria de Don Juan Antonio de Urrutia y Arana,&nbsp;Marqu\u00e9s&nbsp;de la Villa del Villar del \u00c1guila, quien fuera&nbsp;un rico y poderoso noble y mecenas de las artes del siglo XVIII en&nbsp;Quer\u00e9taro, en el virreinato novohispano. Adem\u00e1s de ser considerado \u201c\u0080\u009cEl Benefactor de Quer\u00e9taro\u201d\u0080\u009d por su aportaci\u00f3n econ\u00f3mica y participaci\u00f3n en la supervisi\u00f3n de la construcci\u00f3n del acueducto, en 1735.<\/p>\n\n\n\n<p><strong>Pedro Escobedo<\/strong><\/p>\n\n\n\n<p>En 1904&nbsp;fue cuando se le dio este nombre, en honor al ilustre Dr.&nbsp;Pedro Escobedo, m\u00e9dico queretano, fundador de la Escuela Nacional de Medicina.<\/p>\n\n\n\n<p><strong>Pe\u00f1amiller<\/strong><\/p>\n\n\n\n<p>El nombre de Pe\u00f1amiller se lo dio el teniente coronel de Virreyes, Don Jos\u00e9 de Escand\u00f3n y de la Helguera. Se traduce como \u201cPiedras al Millar\u201d o \u201cCerro de Pe\u00f1ascos\u201d y se le otorg\u00f3 debido a la semejanza que guarda el cerro que se levanta al Oriente de la poblaci\u00f3n y que lleva el nombre de \u00abEl Picacho\u00bb con otro que se levanta en el Principado de Asturias, Espa\u00f1a, en el Consejo de Pe\u00f1amellera Baja.<\/p>\n\n\n\n<p><strong>Pinal de Amoles<\/strong><\/p>\n\n\n\n<p>\u201cAmoles\u201d Deriva del n\u00e1hualt \u201cAmolli\u00bb que es un camote con funci\u00f3n detergente el cual abunda en la regi\u00f3n, as\u00ed como \u201cPinal\u201d se refiere a que el lugar se&nbsp;encuentra rodeado de un bosque de pinos.<\/p>\n\n\n\n<p><strong>Quer\u00e9taro<\/strong><\/p>\n\n\n\n<p>Su nombre fue dado al estado, seg\u00fan don Fernando D\u00edaz, con base en el decreto emitido por la Legislatura del Estado, el 23 de julio de 1867 y significa &nbsp;\u201clugar de grandes piedras o pe\u00f1ascos\u201d.<\/p>\n\n\n\n<p><strong>San Joaqu\u00edn<\/strong><\/p>\n\n\n\n<p>Su nombre se debe a San Joaqu\u00edn, patrono del municipio.<\/p>\n\n\n\n<p><strong>San Juan del R\u00edo<\/strong><\/p>\n\n\n\n<p>Su nombre se le da por que la ciudad fue fundada el 24 de junio, en la fiesta de&nbsp;San Juan&nbsp;Bautista;&nbsp;se&nbsp;le agrega el sustantivo&nbsp;R\u00edo, por el&nbsp;r\u00edo&nbsp;que ba\u00f1a las orillas de la ciudad.<\/p>\n\n\n\n<p><strong>Tequisquiapan<\/strong><\/p>\n\n\n\n<p>En n\u00e1huatl significa \u201clugar de aguas y tequesquites\u201d, alude a las tradicionales aguas termales de Quer\u00e9taro.&nbsp;<\/p>\n\n\n\n<p><strong>Tolim\u00e1n<\/strong><\/p>\n\n\n\n<p>Se deriva del N\u00e1huatl\u00a0\u201cTolimani\u201d\u00a0que significa \u201clugar donde se recoge el tule\u201d.<\/p>\n","protected":false},"excerpt":{"rendered":"<p>Los queretanos por excelencia conocemos los municipios que conforman nuestro bello estado, sin embargo, \u00bfalguna vez te has preguntado de d\u00f3nde provienen los nombres de los municipios? Aqu\u00ed te lo &hellip; <a href=\"https:\/\/a3noticias.com.mx\/sandbox\/2022\/02\/05\/sabes-de-donde-provienen-los-nombres-de-los-municipios-queretanos\/\" class=\"more-link\">Leer m\u00e1s<\/a><\/p>\n","protected":false},"author":4,"featured_media":18694,"comment_status":"open","ping_status":"open","sticky":false,"template":"","format":"standard","meta":{"_monsterinsights_skip_tracking":false,"_monsterinsights_sitenote_active":false,"_monsterinsights_sitenote_note":"","_monsterinsights_sitenote_category":0,"footnotes":""},"categories":[9],"tags":[],"class_list":["post-18693","post","type-post","status-publish","format-standard","has-post-thumbnail","hentry","category-cultura","entry"],"aioseo_notices":[],"_links":{"self":[{"href":"https:\/\/a3noticias.com.mx\/sandbox\/wp-json\/wp\/v2\/posts\/18693","targetHints":{"allow":["GET"]}}],"collection":[{"href":"https:\/\/a3noticias.com.mx\/sandbox\/wp-json\/wp\/v2\/posts"}],"about":[{"href":"https:\/\/a3noticias.com.mx\/sandbox\/wp-json\/wp\/v2\/types\/post"}],"author":[{"embeddable":true,"href":"https:\/\/a3noticias.com.mx\/sandbox\/wp-json\/wp\/v2\/users\/4"}],"replies":[{"embeddable":true,"href":"https:\/\/a3noticias.com.mx\/sandbox\/wp-json\/wp\/v2\/comments?post=18693"}],"version-history":[{"count":1,"href":"https:\/\/a3noticias.com.mx\/sandbox\/wp-json\/wp\/v2\/posts\/18693\/revisions"}],"predecessor-version":[{"id":18695,"href":"https:\/\/a3noticias.com.mx\/sandbox\/wp-json\/wp\/v2\/posts\/18693\/revisions\/18695"}],"wp:featuredmedia":[{"embeddable":true,"href":"https:\/\/a3noticias.com.mx\/sandbox\/wp-json\/wp\/v2\/media\/18694"}],"wp:attachment":[{"href":"https:\/\/a3noticias.com.mx\/sandbox\/wp-json\/wp\/v2\/media?parent=18693"}],"wp:term":[{"taxonomy":"category","embeddable":true,"href":"https:\/\/a3noticias.com.mx\/sandbox\/wp-json\/wp\/v2\/categories?post=18693"},{"taxonomy":"post_tag","embeddable":true,"href":"https:\/\/a3noticias.com.mx\/sandbox\/wp-json\/wp\/v2\/tags?post=18693"}],"curies":[{"name":"wp","href":"https:\/\/api.w.org\/{rel}","templated":true}]}}