{"id":18702,"date":"2022-02-06T09:00:00","date_gmt":"2022-02-06T15:00:00","guid":{"rendered":"https:\/\/a3noticias.com.mx\/sandbox\/?p=18702"},"modified":"2022-02-04T21:52:03","modified_gmt":"2022-02-05T03:52:03","slug":"asi-es-como-nacieron-los-fines-de-semana-largos-o-puentes","status":"publish","type":"post","link":"https:\/\/a3noticias.com.mx\/sandbox\/2022\/02\/06\/asi-es-como-nacieron-los-fines-de-semana-largos-o-puentes\/","title":{"rendered":"As\u00ed es como nacieron los fines de semana largos o \u201cpuentes\u201d"},"content":{"rendered":"\n<p>Este fin de semana los mexicanos podremos disfrutar de un fin de semana largo gracias al puente por el aniversario de la Promulgaci\u00f3n de la Constituci\u00f3n de 1917, sin embargo, a\u00f1os atr\u00e1s el t\u00e9rmino \u201cpuente vacacional\u201d no era muy utilizado pues se sol\u00eda descansar exactamente el d\u00eda de asueto y fue hasta hace algunos a\u00f1os que se instituy\u00f3 que los d\u00edas feriados se recorrieran al lunes previo a la fecha de su conmemoraci\u00f3n.<\/p>\n\n\n\n<p>Fue bajo el mandato del expresidente de la Rep\u00fablica Vicente Fox en el a\u00f1o 2007, cuando se hizo oficial que en vez de descansar el d\u00eda en que ca\u00eda la fecha conmemorativa, se recorrer\u00eda al lunes anterior, dando inicio con ello a los \u201cpuentes\u201d tan queridos por los mexicanos.<\/p>\n\n\n\n<p>Fue el&nbsp;17 de enero del 2006 cuando se public\u00f3 en el Diario Oficial de la Federaci\u00f3n&nbsp;el Decreto del Congreso que reformaba el art\u00edculo 74 de la Ley Federal del Trabajo para modificar las fechas de descanso obligatorio para los trabajadores.&nbsp;<\/p>\n\n\n\n<p>Diez d\u00edas despu\u00e9s, el 27 de enero, Fox Quesada public\u00f3 otro decreto para establecer estos&nbsp;cambios en el Calendario Oficial,&nbsp;los cuales entraron en vigor un a\u00f1o despu\u00e9s, en 2007.&nbsp;<\/p>\n\n\n\n<p>Esto tuvo adem\u00e1s del descanso laboral y escolar, un doble fin, pues con ello se incentiv\u00f3 un nuevo mecanismo de promoci\u00f3n tur\u00edstica que favoreci\u00f3 el mercado nacional.<\/p>\n\n\n\n<p>De esta manera, se establecieron tres fines de semana largos consistentes en: el primer lunes de febrero en conmemoraci\u00f3n del 5 de febrero, por la promulgaci\u00f3n de la Constituci\u00f3n de 1917; el tercer lunes de marzo en conmemoraci\u00f3n del 21 de marzo, por el natalicio de Benito Ju\u00e1rez; y el tercer lunes de noviembre en conmemoraci\u00f3n del 20 de noviembre, por el inicio de la Revoluci\u00f3n Mexicana.<\/p>\n","protected":false},"excerpt":{"rendered":"<p>Este fin de semana los mexicanos podremos disfrutar de un fin de semana largo gracias al puente por el aniversario de la Promulgaci\u00f3n de la Constituci\u00f3n de 1917, sin embargo, &hellip; <a href=\"https:\/\/a3noticias.com.mx\/sandbox\/2022\/02\/06\/asi-es-como-nacieron-los-fines-de-semana-largos-o-puentes\/\" class=\"more-link\">Leer m\u00e1s<\/a><\/p>\n","protected":false},"author":4,"featured_media":18703,"comment_status":"open","ping_status":"open","sticky":false,"template":"","format":"standard","meta":{"_monsterinsights_skip_tracking":false,"_monsterinsights_sitenote_active":false,"_monsterinsights_sitenote_note":"","_monsterinsights_sitenote_category":0,"footnotes":""},"categories":[9],"tags":[],"class_list":["post-18702","post","type-post","status-publish","format-standard","has-post-thumbnail","hentry","category-cultura","entry"],"aioseo_notices":[],"_links":{"self":[{"href":"https:\/\/a3noticias.com.mx\/sandbox\/wp-json\/wp\/v2\/posts\/18702","targetHints":{"allow":["GET"]}}],"collection":[{"href":"https:\/\/a3noticias.com.mx\/sandbox\/wp-json\/wp\/v2\/posts"}],"about":[{"href":"https:\/\/a3noticias.com.mx\/sandbox\/wp-json\/wp\/v2\/types\/post"}],"author":[{"embeddable":true,"href":"https:\/\/a3noticias.com.mx\/sandbox\/wp-json\/wp\/v2\/users\/4"}],"replies":[{"embeddable":true,"href":"https:\/\/a3noticias.com.mx\/sandbox\/wp-json\/wp\/v2\/comments?post=18702"}],"version-history":[{"count":1,"href":"https:\/\/a3noticias.com.mx\/sandbox\/wp-json\/wp\/v2\/posts\/18702\/revisions"}],"predecessor-version":[{"id":18704,"href":"https:\/\/a3noticias.com.mx\/sandbox\/wp-json\/wp\/v2\/posts\/18702\/revisions\/18704"}],"wp:featuredmedia":[{"embeddable":true,"href":"https:\/\/a3noticias.com.mx\/sandbox\/wp-json\/wp\/v2\/media\/18703"}],"wp:attachment":[{"href":"https:\/\/a3noticias.com.mx\/sandbox\/wp-json\/wp\/v2\/media?parent=18702"}],"wp:term":[{"taxonomy":"category","embeddable":true,"href":"https:\/\/a3noticias.com.mx\/sandbox\/wp-json\/wp\/v2\/categories?post=18702"},{"taxonomy":"post_tag","embeddable":true,"href":"https:\/\/a3noticias.com.mx\/sandbox\/wp-json\/wp\/v2\/tags?post=18702"}],"curies":[{"name":"wp","href":"https:\/\/api.w.org\/{rel}","templated":true}]}}