{"id":18725,"date":"2022-02-08T09:21:50","date_gmt":"2022-02-08T15:21:50","guid":{"rendered":"https:\/\/a3noticias.com.mx\/sandbox\/?p=18725"},"modified":"2022-02-08T09:21:53","modified_gmt":"2022-02-08T15:21:53","slug":"baja-ocupacion-hospitalaria-en-queretaro","status":"publish","type":"post","link":"https:\/\/a3noticias.com.mx\/sandbox\/2022\/02\/08\/baja-ocupacion-hospitalaria-en-queretaro\/","title":{"rendered":"Baja ocupaci\u00f3n hospitalaria en Quer\u00e9taro"},"content":{"rendered":"\n<p>De acuerdo con la Secretar\u00eda de Salud en Quer\u00e9taro (Sesa), con informaci\u00f3n al 6 de febrero, la ocupaci\u00f3n hospitalaria de camas de hospitalizaci\u00f3n general y con ventilador fue del 35%, una disminuci\u00f3n de seis puntos porcentuales desde el 41% que registr\u00f3 en el informe difundido el viernes 3 de febrero.<\/p>\n\n\n\n<p>De acuerdo con la informaci\u00f3n m\u00e1s reciente con base en la Red Negativa de Infecciones Respiratorias Agudas (IRAG), en Quer\u00e9taro se registra 28% de ocupaci\u00f3n de camas con ventilador y 39% en camas sin ventilador. <\/p>\n\n\n\n<p>Adem\u00e1s, inform\u00f3 que en los \u00faltimos tres d\u00edas se han sumado 891 casos de contagio por Covid-19 en el estado (el s\u00e1bado se registraron 678, el domingo 181 y este lunes 32), se trata de 526 mujeres y 365 hombres. El registro acumulado es de 128 mil 600 casos; 52% son mujeres y 48% son hombres.<\/p>\n\n\n\n<p>Se dio de alta sanitaria a dos mil 394 pacientes, con lo que se tiene un registro de 118 mil 316 altas (92%).  Con sintomatolog\u00eda leve, aislamiento y manejo en su domicilio hay tres mil 755 pacientes y 240 hospitalizados, 70 de los cuales se encuentran graves.<\/p>\n\n\n\n<p>Este fin de semana adem\u00e1s se sumaron nueve defunciones a causa de la enfermedad, se trata de una mujer de 54 y un hombre de 87 a\u00f1os, sin comorbilidad, as\u00ed como cuatro hombres -de 1, 31, 56 y 61-, y tres mujeres -de 56, 66 y 88 a\u00f1os-, con diversas comorbilidades, que se encontraban hospitalizados. Se han registrado seis mil 289 defunciones en lo que va de la pandemia.<\/p>\n\n\n\n<p>Asimismo, inform\u00f3 que se dio de alta sanitaria a dos mil 394 pacientes, con lo que se tiene un registro de 118 mil 316 altas (92%) y exhort\u00f3 a la poblaci\u00f3n a no automedicarse y, para prevenir la transmisi\u00f3n, lavarse las manos de manera frecuente con agua y jab\u00f3n o utilizar soluciones alcoholadas a 70%, usar cubreboca al salir de casa y mantener sana distancia entre personas (de 1.5 a dos metros).<\/p>\n\n\n\n<p>Asimismo, a quedarse en casa cuando se tienen enfermedades respiratorias y comunicarse al\u00a0<em>call center<\/em>\u00a0estatal 4421015205, para recibir orientaci\u00f3n m\u00e9dica si se presenta alguno de los s\u00edntomas o signos como: dificultad para respirar (dato de gravedad), fiebre (mayor a 38 grados), dolor de cabeza, tos, dolor de garganta, escurrimiento nasal, dolor de pecho, alteraci\u00f3n del olfato o del sentido del gusto.<\/p>\n\n\n\n<figure class=\"wp-block-image size-full\"><img loading=\"lazy\" decoding=\"async\" width=\"1280\" height=\"720\" src=\"https:\/\/a3noticias.com.mx\/sandbox\/wp-content\/uploads\/2022\/02\/71_273_35334_1007361556_photo1644290483_1.jpeg\" alt=\"\" class=\"wp-image-18726\" srcset=\"https:\/\/a3noticias.com.mx\/sandbox\/wp-content\/uploads\/2022\/02\/71_273_35334_1007361556_photo1644290483_1.jpeg 1280w, https:\/\/a3noticias.com.mx\/sandbox\/wp-content\/uploads\/2022\/02\/71_273_35334_1007361556_photo1644290483_1-300x169.jpeg 300w, https:\/\/a3noticias.com.mx\/sandbox\/wp-content\/uploads\/2022\/02\/71_273_35334_1007361556_photo1644290483_1-160x90.jpeg 160w, https:\/\/a3noticias.com.mx\/sandbox\/wp-content\/uploads\/2022\/02\/71_273_35334_1007361556_photo1644290483_1-768x432.jpeg 768w\" sizes=\"auto, (max-width: 1280px) 100vw, 1280px\" \/><\/figure>\n\n\n\n<p><\/p>\n\n\n\n<p><\/p>\n","protected":false},"excerpt":{"rendered":"<p>De acuerdo con la Secretar\u00eda de Salud en Quer\u00e9taro (Sesa), con informaci\u00f3n al 6 de febrero, la ocupaci\u00f3n hospitalaria de camas de hospitalizaci\u00f3n general y con ventilador fue del 35%, &hellip; <a href=\"https:\/\/a3noticias.com.mx\/sandbox\/2022\/02\/08\/baja-ocupacion-hospitalaria-en-queretaro\/\" class=\"more-link\">Leer m\u00e1s<\/a><\/p>\n","protected":false},"author":4,"featured_media":18657,"comment_status":"open","ping_status":"open","sticky":false,"template":"","format":"standard","meta":{"_monsterinsights_skip_tracking":false,"_monsterinsights_sitenote_active":false,"_monsterinsights_sitenote_note":"","_monsterinsights_sitenote_category":0,"footnotes":""},"categories":[2],"tags":[],"class_list":["post-18725","post","type-post","status-publish","format-standard","has-post-thumbnail","hentry","category-qro","entry"],"aioseo_notices":[],"_links":{"self":[{"href":"https:\/\/a3noticias.com.mx\/sandbox\/wp-json\/wp\/v2\/posts\/18725","targetHints":{"allow":["GET"]}}],"collection":[{"href":"https:\/\/a3noticias.com.mx\/sandbox\/wp-json\/wp\/v2\/posts"}],"about":[{"href":"https:\/\/a3noticias.com.mx\/sandbox\/wp-json\/wp\/v2\/types\/post"}],"author":[{"embeddable":true,"href":"https:\/\/a3noticias.com.mx\/sandbox\/wp-json\/wp\/v2\/users\/4"}],"replies":[{"embeddable":true,"href":"https:\/\/a3noticias.com.mx\/sandbox\/wp-json\/wp\/v2\/comments?post=18725"}],"version-history":[{"count":1,"href":"https:\/\/a3noticias.com.mx\/sandbox\/wp-json\/wp\/v2\/posts\/18725\/revisions"}],"predecessor-version":[{"id":18727,"href":"https:\/\/a3noticias.com.mx\/sandbox\/wp-json\/wp\/v2\/posts\/18725\/revisions\/18727"}],"wp:featuredmedia":[{"embeddable":true,"href":"https:\/\/a3noticias.com.mx\/sandbox\/wp-json\/wp\/v2\/media\/18657"}],"wp:attachment":[{"href":"https:\/\/a3noticias.com.mx\/sandbox\/wp-json\/wp\/v2\/media?parent=18725"}],"wp:term":[{"taxonomy":"category","embeddable":true,"href":"https:\/\/a3noticias.com.mx\/sandbox\/wp-json\/wp\/v2\/categories?post=18725"},{"taxonomy":"post_tag","embeddable":true,"href":"https:\/\/a3noticias.com.mx\/sandbox\/wp-json\/wp\/v2\/tags?post=18725"}],"curies":[{"name":"wp","href":"https:\/\/api.w.org\/{rel}","templated":true}]}}