{"id":18728,"date":"2022-02-08T09:41:40","date_gmt":"2022-02-08T15:41:40","guid":{"rendered":"https:\/\/a3noticias.com.mx\/sandbox\/?p=18728"},"modified":"2022-02-08T09:41:42","modified_gmt":"2022-02-08T15:41:42","slug":"omicron-no-significo-un-dano-mayor-lopez-gatell-celebra-que-cuarta-ola-de-covid-19-va-a-la-baja","status":"publish","type":"post","link":"https:\/\/a3noticias.com.mx\/sandbox\/2022\/02\/08\/omicron-no-significo-un-dano-mayor-lopez-gatell-celebra-que-cuarta-ola-de-covid-19-va-a-la-baja\/","title":{"rendered":"&#8216;\u00d3micron no signific\u00f3 un da\u00f1o mayor&#8217;: L\u00f3pez-Gatell celebra que cuarta ola de Covid-19 va a la baja."},"content":{"rendered":"\n<p>Luego de que se registrara un nuevo descenso en los contagios por covid-19, el subsecretario de Salud, Hugo L\u00f3pez-Gatell, se\u00f1al\u00f3 que la cuarta ola de covid-19 va a la baja y que la variante \u201c\u00d3micron no signific\u00f3 un da\u00f1o mayor\u201d.<\/p>\n\n\n\n<p>De acuerdo con todos los par\u00e1metros usados para medir la pandemia, la cuarta ola de covid-19 en M\u00e9xico va a la baja, sin embargo, record\u00f3 que los datos son cambiantes y que debido a la naturaleza del virus, podr\u00eda darse un repunte, por lo que en caso de ello sucediera se informar\u00eda a la sociedad.<\/p>\n\n\n\n<blockquote class=\"wp-block-quote is-layout-flow wp-block-quote-is-layout-flow\"><p>\u201cVamos a comentar buenas noticias, hace dos semanas hab\u00edamos entrado en una fase de estabilizaci\u00f3n de la pandemia, la semana pasada tuvimos una reducci\u00f3n muy sustancial y esta semana volvemos a tener reducci\u00f3n. Podemos ver que hay consistencia en todos los par\u00e1metros que indican que la cuarta ola covid va a la baja y que lo m\u00e1s probable es que la trayectoria se mantenga\u201d<\/p><\/blockquote>\n\n\n\n<p>Detall\u00f3 que al momento hay 156 mil 916 casos estimados activos en el pa\u00eds, cifra que es menor a la registrada en semanas anteriores. En cuanto a las hospitalizaciones explic\u00f3 que tambi\u00e9n van a la baja. As\u00ed, la reducci\u00f3n entre el m\u00e1ximo pico de la segunda ola de covid-19 a la fecha, ha habido una baja del 69 por ciento en hospitalizaciones.<\/p>\n\n\n\n<blockquote class=\"wp-block-quote is-layout-flow wp-block-quote-is-layout-flow\"><p>\u201cLo que es notorio es que si comparamos la segunda con la cuarta ola hay una reducci\u00f3n del 72 por ciento en la mortalidad. Desde que apareci\u00f3 \u00d3micron en noviembre en Sud\u00e1frica advertimos de una variante m\u00e1s transmisible, pero menos virulenta. No alcanz\u00f3 a ser ni la sexta parte de la segunda ola. \u00d3micron no signific\u00f3 un da\u00f1o mayor\u201d.<\/p><\/blockquote>\n\n\n\n<p>Agreg\u00f3 que actualmente 83 millones 917 mil 663 personas han sido vacunadas contra covid-19, de las cuales 94 por ciento ya tiene un esquema completo. As\u00ed, la cobertura de inmunizaci\u00f3n de la poblaci\u00f3n de 14 a\u00f1os en adelante es de 86 por ciento, asegur\u00f3.<\/p>\n\n\n\n<p>Respecto a la vacuna mexicana contra el covid-19, Patria, se encuentra en la segunda fase de sus ensayos cl\u00ednicos y va en muy buen curso, indic\u00f3 L\u00f3pez-Gatell.&nbsp;<\/p>\n\n\n\n<blockquote class=\"wp-block-quote is-layout-flow wp-block-quote-is-layout-flow\"><p>\u00a0\u201cUn anuncio, el ensayo cl\u00ednico est\u00e1 en muy buen curso y agradecemos a la doctora Maria Elena \u00c1lvarez-Buylla, directora del Conancyt, el excelente trabajo que ha hecho con el sector privado para esta vacuna y con el sector p\u00fablico. El ensayo cl\u00ednico es muy importante para lograr la identificaci\u00f3n de las capacidades de la vacuna\u201d.<\/p><\/blockquote>\n","protected":false},"excerpt":{"rendered":"<p>Luego de que se registrara un nuevo descenso en los contagios por covid-19, el subsecretario de Salud, Hugo L\u00f3pez-Gatell, se\u00f1al\u00f3 que la cuarta ola de covid-19 va a la baja &hellip; <a href=\"https:\/\/a3noticias.com.mx\/sandbox\/2022\/02\/08\/omicron-no-significo-un-dano-mayor-lopez-gatell-celebra-que-cuarta-ola-de-covid-19-va-a-la-baja\/\" class=\"more-link\">Leer m\u00e1s<\/a><\/p>\n","protected":false},"author":2,"featured_media":18729,"comment_status":"open","ping_status":"open","sticky":false,"template":"","format":"standard","meta":{"_monsterinsights_skip_tracking":false,"_monsterinsights_sitenote_active":false,"_monsterinsights_sitenote_note":"","_monsterinsights_sitenote_category":0,"footnotes":""},"categories":[3],"tags":[],"class_list":["post-18728","post","type-post","status-publish","format-standard","has-post-thumbnail","hentry","category-nal","entry"],"aioseo_notices":[],"_links":{"self":[{"href":"https:\/\/a3noticias.com.mx\/sandbox\/wp-json\/wp\/v2\/posts\/18728","targetHints":{"allow":["GET"]}}],"collection":[{"href":"https:\/\/a3noticias.com.mx\/sandbox\/wp-json\/wp\/v2\/posts"}],"about":[{"href":"https:\/\/a3noticias.com.mx\/sandbox\/wp-json\/wp\/v2\/types\/post"}],"author":[{"embeddable":true,"href":"https:\/\/a3noticias.com.mx\/sandbox\/wp-json\/wp\/v2\/users\/2"}],"replies":[{"embeddable":true,"href":"https:\/\/a3noticias.com.mx\/sandbox\/wp-json\/wp\/v2\/comments?post=18728"}],"version-history":[{"count":1,"href":"https:\/\/a3noticias.com.mx\/sandbox\/wp-json\/wp\/v2\/posts\/18728\/revisions"}],"predecessor-version":[{"id":18730,"href":"https:\/\/a3noticias.com.mx\/sandbox\/wp-json\/wp\/v2\/posts\/18728\/revisions\/18730"}],"wp:featuredmedia":[{"embeddable":true,"href":"https:\/\/a3noticias.com.mx\/sandbox\/wp-json\/wp\/v2\/media\/18729"}],"wp:attachment":[{"href":"https:\/\/a3noticias.com.mx\/sandbox\/wp-json\/wp\/v2\/media?parent=18728"}],"wp:term":[{"taxonomy":"category","embeddable":true,"href":"https:\/\/a3noticias.com.mx\/sandbox\/wp-json\/wp\/v2\/categories?post=18728"},{"taxonomy":"post_tag","embeddable":true,"href":"https:\/\/a3noticias.com.mx\/sandbox\/wp-json\/wp\/v2\/tags?post=18728"}],"curies":[{"name":"wp","href":"https:\/\/api.w.org\/{rel}","templated":true}]}}