{"id":18731,"date":"2022-02-08T09:56:58","date_gmt":"2022-02-08T15:56:58","guid":{"rendered":"https:\/\/a3noticias.com.mx\/sandbox\/?p=18731"},"modified":"2022-02-08T09:57:49","modified_gmt":"2022-02-08T15:57:49","slug":"gobierno-del-estado-no-intervendra-en-proceso-de-titularidad-de-la-ddhq","status":"publish","type":"post","link":"https:\/\/a3noticias.com.mx\/sandbox\/2022\/02\/08\/gobierno-del-estado-no-intervendra-en-proceso-de-titularidad-de-la-ddhq\/","title":{"rendered":"Gobierno estatal no intervendr\u00e1 en proceso de elecci\u00f3n de nuevo titular de la DDHQ"},"content":{"rendered":"\n<p>El gobierno estatal no intervendr\u00e1 en el proceso de elecci\u00f3n del nuevo o la nueva titular de la Defensor\u00eda de los Derechos Humanos en Quer\u00e9taro (DDHQ), pues esto corresponde a la Legislatura Local, asever\u00f3 el gobernador del estado, Mauricio Kuri Gonz\u00e1lez.<\/p>\n\n\n\n<p>Este martes 8 de febrero a las 19:00 horas comenzar\u00e1n los debates para los aspirantes a presidir la DDHQ, los cuales ser\u00e1n en dos sesiones que tendr\u00e1n lugar hoy y ma\u00f1ana mi\u00e9rcoles 9 de febrero, en el Centro de Negocios Juriquilla de la Universidad Aut\u00f3nma de Quer\u00e9taro (UAQ). Cabe resaltar que son 18 los aspirantes a la titularidad de la dependencia.&nbsp;<\/p>\n\n\n\n<p>Al respecto, Kuri Gonz\u00e1lez resalt\u00f3 que la persona que resulte elegida, deber\u00e1 ser experta en la materia, conocer el estado y contar con una amplia trayectoria en la defensi\u00f3n de los derechos humanos.<\/p>\n\n\n\n<blockquote class=\"wp-block-quote is-layout-flow wp-block-quote-is-layout-flow\"><p>\u201cAlguien que conozca al estado, una persona que desconozca las necesidades del estado, y una gente que tenga una buena trayectoria, una trayectoria limpia\u201d, subray\u00f3.<\/p><\/blockquote>\n\n\n\n<p>Por su parte, la rectora de la UAQ, Teresa Garc\u00eda Gasca, destac\u00f3 la importancia de que la sociedad se involucre y conozca a los aspirantes a ocupar la titularidad de la Defensor\u00eda.<\/p>\n\n\n\n<blockquote class=\"wp-block-quote is-layout-flow wp-block-quote-is-layout-flow\"><p>\u201cEs muy importante que participemos como sociedad, de forma activa, a trav\u00e9s de las diferentes estrategias para poder emitir nuestra opini\u00f3n aunque no sea vinculante con la decisi\u00f3n, pero que seguramente dejar\u00e1 un mensaje muy claro, adem\u00e1s de que nos permitir\u00e1 ser m\u00e1s proactivos y conocer de mejor manera&nbsp; lo que significa la cultura de los derechos humanos en nuestro pa\u00eds y en nuestro estado\u201d, qpunt\u00f3 durante su participaci\u00f3n en la columna \u201cPensar la Universidad\u201d, en el noticiario Presencia Universitaria.<\/p><\/blockquote>\n\n\n\n<p>Ser\u00e1 el pr\u00f3ximo 10 de febrero cuando se realice la elecci\u00f3n por parte del Congreso de qui\u00e9n ser\u00e1 la persona encargada de la DDHQ por los pr\u00f3ximos 5 a\u00f1os.<\/p>\n","protected":false},"excerpt":{"rendered":"<p>El gobierno estatal no intervendr\u00e1 en el proceso de elecci\u00f3n del nuevo o la nueva titular de la Defensor\u00eda de los Derechos Humanos en Quer\u00e9taro (DDHQ), pues esto corresponde a &hellip; <a href=\"https:\/\/a3noticias.com.mx\/sandbox\/2022\/02\/08\/gobierno-del-estado-no-intervendra-en-proceso-de-titularidad-de-la-ddhq\/\" class=\"more-link\">Leer m\u00e1s<\/a><\/p>\n","protected":false},"author":4,"featured_media":18732,"comment_status":"open","ping_status":"open","sticky":false,"template":"","format":"standard","meta":{"_monsterinsights_skip_tracking":false,"_monsterinsights_sitenote_active":false,"_monsterinsights_sitenote_note":"","_monsterinsights_sitenote_category":0,"footnotes":""},"categories":[2],"tags":[],"class_list":["post-18731","post","type-post","status-publish","format-standard","has-post-thumbnail","hentry","category-qro","entry"],"aioseo_notices":[],"_links":{"self":[{"href":"https:\/\/a3noticias.com.mx\/sandbox\/wp-json\/wp\/v2\/posts\/18731","targetHints":{"allow":["GET"]}}],"collection":[{"href":"https:\/\/a3noticias.com.mx\/sandbox\/wp-json\/wp\/v2\/posts"}],"about":[{"href":"https:\/\/a3noticias.com.mx\/sandbox\/wp-json\/wp\/v2\/types\/post"}],"author":[{"embeddable":true,"href":"https:\/\/a3noticias.com.mx\/sandbox\/wp-json\/wp\/v2\/users\/4"}],"replies":[{"embeddable":true,"href":"https:\/\/a3noticias.com.mx\/sandbox\/wp-json\/wp\/v2\/comments?post=18731"}],"version-history":[{"count":2,"href":"https:\/\/a3noticias.com.mx\/sandbox\/wp-json\/wp\/v2\/posts\/18731\/revisions"}],"predecessor-version":[{"id":18734,"href":"https:\/\/a3noticias.com.mx\/sandbox\/wp-json\/wp\/v2\/posts\/18731\/revisions\/18734"}],"wp:featuredmedia":[{"embeddable":true,"href":"https:\/\/a3noticias.com.mx\/sandbox\/wp-json\/wp\/v2\/media\/18732"}],"wp:attachment":[{"href":"https:\/\/a3noticias.com.mx\/sandbox\/wp-json\/wp\/v2\/media?parent=18731"}],"wp:term":[{"taxonomy":"category","embeddable":true,"href":"https:\/\/a3noticias.com.mx\/sandbox\/wp-json\/wp\/v2\/categories?post=18731"},{"taxonomy":"post_tag","embeddable":true,"href":"https:\/\/a3noticias.com.mx\/sandbox\/wp-json\/wp\/v2\/tags?post=18731"}],"curies":[{"name":"wp","href":"https:\/\/api.w.org\/{rel}","templated":true}]}}