{"id":18735,"date":"2022-02-08T10:46:25","date_gmt":"2022-02-08T16:46:25","guid":{"rendered":"https:\/\/a3noticias.com.mx\/sandbox\/?p=18735"},"modified":"2022-02-08T10:46:27","modified_gmt":"2022-02-08T16:46:27","slug":"feminicidio-en-los-reyes-fue-por-un-tema-de-relaciones-personales-fge","status":"publish","type":"post","link":"https:\/\/a3noticias.com.mx\/sandbox\/2022\/02\/08\/feminicidio-en-los-reyes-fue-por-un-tema-de-relaciones-personales-fge\/","title":{"rendered":"Feminicidio en Los Reyes fue por un tema de relaciones personales: FGE"},"content":{"rendered":"\n<p>La Fiscal\u00eda General del Estado de Quer\u00e9taro (FGE), contin\u00faa con las investigaciones sobre el feminicidio ocurrido el pasado 17 de enero en la colonia Los Reyes, en el municipio de Corregidora, mismo que se deriv\u00f3 de un tema de relaciones personales, asever\u00f3 el fiscal general del estado, Alejandro Echeverr\u00eda Cornejo.<\/p>\n\n\n\n<p>Y es que de acuerdo con los resultados obtenidos de las investigaciones que se han llevado a cabo, queda descartado el fallecimiento de la mujer por asalto o robo.<\/p>\n\n\n\n<blockquote class=\"wp-block-quote is-layout-flow wp-block-quote-is-layout-flow\"><p>\u201cEs un tema de relaciones personales, no tiene nada que ver con el asalto ni con el robo, m\u00e1s bien es un tema de relaciones personales\u201d<\/p><\/blockquote>\n\n\n\n<p>El fiscal se\u00f1al\u00f3 que la investigaci\u00f3n ha marcado una l\u00ednea muy clara por lo que es muy probable poder esclarecerla y dar con alg\u00fan presunto responsable.<\/p>\n\n\n\n<blockquote class=\"wp-block-quote is-layout-flow wp-block-quote-is-layout-flow\"><p>\u00a0\u201cYo lo que te puedo decir de eso, s\u00ed tenemos una l\u00ednea de investigaci\u00f3n muy clara para poder esclarecer, sin embargo, creo que derivado de la reserva que debemos de guardar no se puede dar mucho mas informaci\u00f3n\u201d, abund\u00f3.<\/p><\/blockquote>\n\n\n\n<p>La mujer fue encontrada sin vida y con lesiones producidas por impacto de bala,&nbsp; al interior de un inmueble ubicado en las inmediaciones de la calle Baltasar en la Colonia Los Reyes, en Corregidora, el pasado 17 de enero. Fueron los vecinos del lugar<\/p>\n","protected":false},"excerpt":{"rendered":"<p>La Fiscal\u00eda General del Estado de Quer\u00e9taro (FGE), contin\u00faa con las investigaciones sobre el feminicidio ocurrido el pasado 17 de enero en la colonia Los Reyes, en el municipio de &hellip; <a href=\"https:\/\/a3noticias.com.mx\/sandbox\/2022\/02\/08\/feminicidio-en-los-reyes-fue-por-un-tema-de-relaciones-personales-fge\/\" class=\"more-link\">Leer m\u00e1s<\/a><\/p>\n","protected":false},"author":4,"featured_media":18736,"comment_status":"open","ping_status":"open","sticky":false,"template":"","format":"standard","meta":{"_monsterinsights_skip_tracking":false,"_monsterinsights_sitenote_active":false,"_monsterinsights_sitenote_note":"","_monsterinsights_sitenote_category":0,"footnotes":""},"categories":[11],"tags":[],"class_list":["post-18735","post","type-post","status-publish","format-standard","has-post-thumbnail","hentry","category-seg","entry"],"aioseo_notices":[],"_links":{"self":[{"href":"https:\/\/a3noticias.com.mx\/sandbox\/wp-json\/wp\/v2\/posts\/18735","targetHints":{"allow":["GET"]}}],"collection":[{"href":"https:\/\/a3noticias.com.mx\/sandbox\/wp-json\/wp\/v2\/posts"}],"about":[{"href":"https:\/\/a3noticias.com.mx\/sandbox\/wp-json\/wp\/v2\/types\/post"}],"author":[{"embeddable":true,"href":"https:\/\/a3noticias.com.mx\/sandbox\/wp-json\/wp\/v2\/users\/4"}],"replies":[{"embeddable":true,"href":"https:\/\/a3noticias.com.mx\/sandbox\/wp-json\/wp\/v2\/comments?post=18735"}],"version-history":[{"count":1,"href":"https:\/\/a3noticias.com.mx\/sandbox\/wp-json\/wp\/v2\/posts\/18735\/revisions"}],"predecessor-version":[{"id":18737,"href":"https:\/\/a3noticias.com.mx\/sandbox\/wp-json\/wp\/v2\/posts\/18735\/revisions\/18737"}],"wp:featuredmedia":[{"embeddable":true,"href":"https:\/\/a3noticias.com.mx\/sandbox\/wp-json\/wp\/v2\/media\/18736"}],"wp:attachment":[{"href":"https:\/\/a3noticias.com.mx\/sandbox\/wp-json\/wp\/v2\/media?parent=18735"}],"wp:term":[{"taxonomy":"category","embeddable":true,"href":"https:\/\/a3noticias.com.mx\/sandbox\/wp-json\/wp\/v2\/categories?post=18735"},{"taxonomy":"post_tag","embeddable":true,"href":"https:\/\/a3noticias.com.mx\/sandbox\/wp-json\/wp\/v2\/tags?post=18735"}],"curies":[{"name":"wp","href":"https:\/\/api.w.org\/{rel}","templated":true}]}}