{"id":18738,"date":"2022-02-08T11:25:18","date_gmt":"2022-02-08T17:25:18","guid":{"rendered":"https:\/\/a3noticias.com.mx\/sandbox\/?p=18738"},"modified":"2022-02-08T11:25:20","modified_gmt":"2022-02-08T17:25:20","slug":"uaq-reabrio-sus-puertas-en-modalidad-semipresencial","status":"publish","type":"post","link":"https:\/\/a3noticias.com.mx\/sandbox\/2022\/02\/08\/uaq-reabrio-sus-puertas-en-modalidad-semipresencial\/","title":{"rendered":"UAQ reabri\u00f3 sus puertas en modalidad semipresencial"},"content":{"rendered":"\n<p>Este martes estudiantes de primero y segundo semestre de licenciatura, as\u00ed como alumnos de posgrado de la Universidad Aut\u00f3noma de Quer\u00e9taro (UAQ), regresaron a las aulas de la m\u00e1xima casa de estudios de la entidad en modalidad semipresencial.&nbsp;<\/p>\n\n\n\n<p>Fueron los campus de la Facultad de Ingenier\u00eda: Centro Universitario y Aeropuerto, los que reabrieron sus aulas para recibir alumnos en modalidad semipresencial para el periodo correspondiente a enero-junio de 2022-1.<\/p>\n\n\n\n<p>Para ello, la UAQ estableci\u00f3 un plan que contempla las medidas sanitarias vigentes a fin de garantizar un retorno seguro, as\u00ed como la implementaci\u00f3n de rutas universitarias para los asistentes al campus Aeropuerto.<\/p>\n\n\n\n<p>La modalidad se llevar\u00e1 bajo un esquema de una semana de asistencia en formato presencial, por dos semanas de clases virtuales, a fin de evitar sobresaturaci\u00f3n de espacios, los cuales tienen un aforo m\u00e1ximo permitido del 30 por ciento de la poblaci\u00f3n total.<\/p>\n\n\n\n<p>Los alumnos de la Facultad de Ingenier\u00eda se reincorporar\u00e1n paulatinamente de acuerdo a las materias que hayan inscrito cuya modalidad sea semipresencial.<\/p>\n","protected":false},"excerpt":{"rendered":"<p>Este martes estudiantes de primero y segundo semestre de licenciatura, as\u00ed como alumnos de posgrado de la Universidad Aut\u00f3noma de Quer\u00e9taro (UAQ), regresaron a las aulas de la m\u00e1xima casa &hellip; <a href=\"https:\/\/a3noticias.com.mx\/sandbox\/2022\/02\/08\/uaq-reabrio-sus-puertas-en-modalidad-semipresencial\/\" class=\"more-link\">Leer m\u00e1s<\/a><\/p>\n","protected":false},"author":4,"featured_media":18739,"comment_status":"open","ping_status":"open","sticky":false,"template":"","format":"standard","meta":{"_monsterinsights_skip_tracking":false,"_monsterinsights_sitenote_active":false,"_monsterinsights_sitenote_note":"","_monsterinsights_sitenote_category":0,"footnotes":""},"categories":[2],"tags":[],"class_list":["post-18738","post","type-post","status-publish","format-standard","has-post-thumbnail","hentry","category-qro","entry"],"aioseo_notices":[],"_links":{"self":[{"href":"https:\/\/a3noticias.com.mx\/sandbox\/wp-json\/wp\/v2\/posts\/18738","targetHints":{"allow":["GET"]}}],"collection":[{"href":"https:\/\/a3noticias.com.mx\/sandbox\/wp-json\/wp\/v2\/posts"}],"about":[{"href":"https:\/\/a3noticias.com.mx\/sandbox\/wp-json\/wp\/v2\/types\/post"}],"author":[{"embeddable":true,"href":"https:\/\/a3noticias.com.mx\/sandbox\/wp-json\/wp\/v2\/users\/4"}],"replies":[{"embeddable":true,"href":"https:\/\/a3noticias.com.mx\/sandbox\/wp-json\/wp\/v2\/comments?post=18738"}],"version-history":[{"count":1,"href":"https:\/\/a3noticias.com.mx\/sandbox\/wp-json\/wp\/v2\/posts\/18738\/revisions"}],"predecessor-version":[{"id":18740,"href":"https:\/\/a3noticias.com.mx\/sandbox\/wp-json\/wp\/v2\/posts\/18738\/revisions\/18740"}],"wp:featuredmedia":[{"embeddable":true,"href":"https:\/\/a3noticias.com.mx\/sandbox\/wp-json\/wp\/v2\/media\/18739"}],"wp:attachment":[{"href":"https:\/\/a3noticias.com.mx\/sandbox\/wp-json\/wp\/v2\/media?parent=18738"}],"wp:term":[{"taxonomy":"category","embeddable":true,"href":"https:\/\/a3noticias.com.mx\/sandbox\/wp-json\/wp\/v2\/categories?post=18738"},{"taxonomy":"post_tag","embeddable":true,"href":"https:\/\/a3noticias.com.mx\/sandbox\/wp-json\/wp\/v2\/tags?post=18738"}],"curies":[{"name":"wp","href":"https:\/\/api.w.org\/{rel}","templated":true}]}}