{"id":18741,"date":"2022-02-08T12:08:46","date_gmt":"2022-02-08T18:08:46","guid":{"rendered":"https:\/\/a3noticias.com.mx\/sandbox\/?p=18741"},"modified":"2022-02-08T12:08:48","modified_gmt":"2022-02-08T18:08:48","slug":"fge-confirma-que-el-hombre-que-impacto-los-arcos-conducia-alcoholizado","status":"publish","type":"post","link":"https:\/\/a3noticias.com.mx\/sandbox\/2022\/02\/08\/fge-confirma-que-el-hombre-que-impacto-los-arcos-conducia-alcoholizado\/","title":{"rendered":"FGE confirma que el hombre que impact\u00f3 los Arcos conduc\u00eda alcoholizado"},"content":{"rendered":"\n<p>El Fiscal general del estado, Alejandro Echeverr\u00eda Cornejo, confirm\u00f3 que el conductor que choc\u00f3 a un taxi provocando su impacto en los Arcos y la muerte de una mujer hace ocho d\u00edas, conduc\u00eda bajo los efectos del alcohol.<\/p>\n\n\n\n<p>Echeverr\u00eda Cornejo detall\u00f3 que el detenido ya fue vinculado a proceso por el delito de homicidio culposo,&nbsp;sin embargo, no se puede cuantificar cu\u00e1l ser\u00e1 la pena debido a que pudiera haber una reparaci\u00f3n del a\u00f1o o alcanzar alguna fianza econ\u00f3mica.<\/p>\n\n\n\n<blockquote class=\"wp-block-quote is-layout-flow wp-block-quote-is-layout-flow\"><p>\u201cLa persona que provoc\u00f3 el accidente en Los Arcos hace ocho d\u00edas, fue vinculado a proceso. Nosotros judicializamos con detenido, y efectivamente en su examen qu\u00edmico de sangre y de orina sali\u00f3 con aliento alcoholico\u201d, inform\u00f3.<\/p><\/blockquote>\n\n\n\n<p>El fiscal detall\u00f3 que en los homicidios culposos, los procesos para fijar las penas dependen de las circunstancias en que los responsables se encuentran.<\/p>\n\n\n\n<blockquote class=\"wp-block-quote is-layout-flow wp-block-quote-is-layout-flow\"><p>\u00abGeneralmente el protocolo que se sigue depende de la situaci\u00f3n en que est\u00e9 la persona que provoc\u00f3 el accidente, algunos tienen seguros que cubren este tipo de da\u00f1os o tienen un buen sustento econ\u00f3mico para pagar fianza o para llegar a un acuerdo con la familia, depende de cada caso\u201d, puntualiz\u00f3.<\/p><\/blockquote>\n","protected":false},"excerpt":{"rendered":"<p>El Fiscal general del estado, Alejandro Echeverr\u00eda Cornejo, confirm\u00f3 que el conductor que choc\u00f3 a un taxi provocando su impacto en los Arcos y la muerte de una mujer hace &hellip; <a href=\"https:\/\/a3noticias.com.mx\/sandbox\/2022\/02\/08\/fge-confirma-que-el-hombre-que-impacto-los-arcos-conducia-alcoholizado\/\" class=\"more-link\">Leer m\u00e1s<\/a><\/p>\n","protected":false},"author":4,"featured_media":18742,"comment_status":"open","ping_status":"open","sticky":false,"template":"","format":"standard","meta":{"_monsterinsights_skip_tracking":false,"_monsterinsights_sitenote_active":false,"_monsterinsights_sitenote_note":"","_monsterinsights_sitenote_category":0,"footnotes":""},"categories":[2],"tags":[],"class_list":["post-18741","post","type-post","status-publish","format-standard","has-post-thumbnail","hentry","category-qro","entry"],"aioseo_notices":[],"_links":{"self":[{"href":"https:\/\/a3noticias.com.mx\/sandbox\/wp-json\/wp\/v2\/posts\/18741","targetHints":{"allow":["GET"]}}],"collection":[{"href":"https:\/\/a3noticias.com.mx\/sandbox\/wp-json\/wp\/v2\/posts"}],"about":[{"href":"https:\/\/a3noticias.com.mx\/sandbox\/wp-json\/wp\/v2\/types\/post"}],"author":[{"embeddable":true,"href":"https:\/\/a3noticias.com.mx\/sandbox\/wp-json\/wp\/v2\/users\/4"}],"replies":[{"embeddable":true,"href":"https:\/\/a3noticias.com.mx\/sandbox\/wp-json\/wp\/v2\/comments?post=18741"}],"version-history":[{"count":1,"href":"https:\/\/a3noticias.com.mx\/sandbox\/wp-json\/wp\/v2\/posts\/18741\/revisions"}],"predecessor-version":[{"id":18743,"href":"https:\/\/a3noticias.com.mx\/sandbox\/wp-json\/wp\/v2\/posts\/18741\/revisions\/18743"}],"wp:featuredmedia":[{"embeddable":true,"href":"https:\/\/a3noticias.com.mx\/sandbox\/wp-json\/wp\/v2\/media\/18742"}],"wp:attachment":[{"href":"https:\/\/a3noticias.com.mx\/sandbox\/wp-json\/wp\/v2\/media?parent=18741"}],"wp:term":[{"taxonomy":"category","embeddable":true,"href":"https:\/\/a3noticias.com.mx\/sandbox\/wp-json\/wp\/v2\/categories?post=18741"},{"taxonomy":"post_tag","embeddable":true,"href":"https:\/\/a3noticias.com.mx\/sandbox\/wp-json\/wp\/v2\/tags?post=18741"}],"curies":[{"name":"wp","href":"https:\/\/api.w.org\/{rel}","templated":true}]}}