{"id":18744,"date":"2022-02-08T13:02:16","date_gmt":"2022-02-08T19:02:16","guid":{"rendered":"https:\/\/a3noticias.com.mx\/sandbox\/?p=18744"},"modified":"2022-02-08T13:02:18","modified_gmt":"2022-02-08T19:02:18","slug":"tapate-anuncian-bajas-temperaturas-en-la-entidad-por-frente-frio-no-28","status":"publish","type":"post","link":"https:\/\/a3noticias.com.mx\/sandbox\/2022\/02\/08\/tapate-anuncian-bajas-temperaturas-en-la-entidad-por-frente-frio-no-28\/","title":{"rendered":"\u00a1T\u00e1pate! Anuncian bajas temperaturas en la entidad por frente fr\u00edo No.28"},"content":{"rendered":"\n<p>La Unidad de Protecci\u00f3n Civil Estatal inform\u00f3 que derivado del frente fr\u00edo n\u00famero 28, se prev\u00e9n bajas temperaturas en la entidad, as\u00ed como la presencia de aguanieve en la mayor\u00eda de los municipios del estado.<\/p>\n\n\n\n<p>El Coordinador Estatal de Protecci\u00f3n Civil, Carlos Rodr\u00edguez Di Bella, se\u00f1al\u00f3 que para esta semana se estima que las temperaturas pueden alcanzar un m\u00ednimo de siete grados cent\u00edgrados, as\u00ed como un m\u00e1ximo de 25 grados cent\u00edgrados en la zona metropolitana; en la zona sur se prev\u00e9n temperaturas m\u00ednimas de 7 grados y m\u00e1ximas de 25 \u00b0C; mientras que en la Sierra Gorda de 7 a 18 \u00b0C, y en las partes altas del estado de 1 a 14 \u00b0C.<\/p>\n\n\n\n<p>Detall\u00f3 que la conjunci\u00f3n entre el fr\u00edo y la humedad podr\u00eda generar la presencia de aguanieve en algunas zonas.<\/p>\n\n\n\n<blockquote class=\"wp-block-quote is-layout-flow wp-block-quote-is-layout-flow\"><p>\u201cPara la zona sur de Quer\u00e9taro, las zonas m\u00e1s vulnerables son las colindantes con el Estado de M\u00e9xico e Hidalgo por ser puntos con mayor elevaci\u00f3n, mientras que para la zona norte Pinal de Amoles y San Joaqu\u00edn deber\u00e1n mantener la alerta\u201d, apunt\u00f3.<\/p><\/blockquote>\n\n\n\n<p>Adem\u00e1s de esto se esperan rachas de viento de 20 kil\u00f3metros por hora, as\u00ed como lluvia intermitente, cuya probabilidad se incrementar\u00e1 hasta en un 25 por ciento para el fin de semana.<\/p>\n\n\n\n<figure class=\"wp-block-embed-twitter wp-block-embed is-type-rich is-provider-twitter\"><div class=\"wp-block-embed__wrapper\">\n<blockquote class=\"twitter-tweet\" data-width=\"550\" data-dnt=\"true\"><p lang=\"es\" dir=\"ltr\">\u00a1Buen martes! <br>Te compartimos el <a href=\"https:\/\/twitter.com\/hashtag\/Pron%C3%B3stico?src=hash&amp;ref_src=twsrc%5Etfw\">#Pron\u00f3stico<\/a> del tiempo para hoy. <a href=\"https:\/\/t.co\/gPjAwMjBoi\">pic.twitter.com\/gPjAwMjBoi<\/a><\/p>&mdash; CONAGUA Clima (@conagua_clima) <a href=\"https:\/\/twitter.com\/conagua_clima\/status\/1491043723991420931?ref_src=twsrc%5Etfw\">February 8, 2022<\/a><\/blockquote><script async src=\"https:\/\/platform.twitter.com\/widgets.js\" charset=\"utf-8\"><\/script>\n<\/div><\/figure>\n","protected":false},"excerpt":{"rendered":"<p>La Unidad de Protecci\u00f3n Civil Estatal inform\u00f3 que derivado del frente fr\u00edo n\u00famero 28, se prev\u00e9n bajas temperaturas en la entidad, as\u00ed como la presencia de aguanieve en la mayor\u00eda &hellip; <a href=\"https:\/\/a3noticias.com.mx\/sandbox\/2022\/02\/08\/tapate-anuncian-bajas-temperaturas-en-la-entidad-por-frente-frio-no-28\/\" class=\"more-link\">Leer m\u00e1s<\/a><\/p>\n","protected":false},"author":4,"featured_media":18745,"comment_status":"open","ping_status":"open","sticky":false,"template":"","format":"standard","meta":{"_monsterinsights_skip_tracking":false,"_monsterinsights_sitenote_active":false,"_monsterinsights_sitenote_note":"","_monsterinsights_sitenote_category":0,"footnotes":""},"categories":[2],"tags":[],"class_list":["post-18744","post","type-post","status-publish","format-standard","has-post-thumbnail","hentry","category-qro","entry"],"aioseo_notices":[],"_links":{"self":[{"href":"https:\/\/a3noticias.com.mx\/sandbox\/wp-json\/wp\/v2\/posts\/18744","targetHints":{"allow":["GET"]}}],"collection":[{"href":"https:\/\/a3noticias.com.mx\/sandbox\/wp-json\/wp\/v2\/posts"}],"about":[{"href":"https:\/\/a3noticias.com.mx\/sandbox\/wp-json\/wp\/v2\/types\/post"}],"author":[{"embeddable":true,"href":"https:\/\/a3noticias.com.mx\/sandbox\/wp-json\/wp\/v2\/users\/4"}],"replies":[{"embeddable":true,"href":"https:\/\/a3noticias.com.mx\/sandbox\/wp-json\/wp\/v2\/comments?post=18744"}],"version-history":[{"count":1,"href":"https:\/\/a3noticias.com.mx\/sandbox\/wp-json\/wp\/v2\/posts\/18744\/revisions"}],"predecessor-version":[{"id":18746,"href":"https:\/\/a3noticias.com.mx\/sandbox\/wp-json\/wp\/v2\/posts\/18744\/revisions\/18746"}],"wp:featuredmedia":[{"embeddable":true,"href":"https:\/\/a3noticias.com.mx\/sandbox\/wp-json\/wp\/v2\/media\/18745"}],"wp:attachment":[{"href":"https:\/\/a3noticias.com.mx\/sandbox\/wp-json\/wp\/v2\/media?parent=18744"}],"wp:term":[{"taxonomy":"category","embeddable":true,"href":"https:\/\/a3noticias.com.mx\/sandbox\/wp-json\/wp\/v2\/categories?post=18744"},{"taxonomy":"post_tag","embeddable":true,"href":"https:\/\/a3noticias.com.mx\/sandbox\/wp-json\/wp\/v2\/tags?post=18744"}],"curies":[{"name":"wp","href":"https:\/\/api.w.org\/{rel}","templated":true}]}}