{"id":18751,"date":"2022-02-09T09:46:15","date_gmt":"2022-02-09T15:46:15","guid":{"rendered":"https:\/\/a3noticias.com.mx\/sandbox\/?p=18751"},"modified":"2022-02-09T09:48:19","modified_gmt":"2022-02-09T15:48:19","slug":"anuncian-primera-feria-de-orientacion-vocacional-para-jovenes-queretanos","status":"publish","type":"post","link":"https:\/\/a3noticias.com.mx\/sandbox\/2022\/02\/09\/anuncian-primera-feria-de-orientacion-vocacional-para-jovenes-queretanos\/","title":{"rendered":"Anuncian primera Feria de Orientaci\u00f3n Vocacional para j\u00f3venes queretanos"},"content":{"rendered":"\n<p>El pr\u00f3ximo 18 de febrero se llevar\u00e1 a cabo la primera edici\u00f3n de la Feria de Orientaci\u00f3n Vocacional&nbsp;en las inmediaciones del Centro Educativo Cultural del Estado de Quer\u00e9taro \u201cManuel G\u00f3mez Morin\u201d (CECEQ), para j\u00f3venes queretanos que deseen encontrar una profesi\u00f3n acorde a sus habilidades e intereses.<\/p>\n\n\n\n<p>El evento contar\u00e1 con la participaci\u00f3n de 50 universidades privadas y p\u00fablicas del estado, as\u00ed como con el apoyo de la Escuela de Artes y Oficios de Quer\u00e9taro y estar\u00e1 a cargo del CECEQ y la Federaci\u00f3n de Estudiantes Universitarios e Quer\u00e9taro (FEUQ).<\/p>\n\n\n\n<p>Adem\u00e1s, los estudiantes que asistan podr\u00e1n disfrutar en \u00e9sta primera edici\u00f3n de un evento interactivo en el que habr\u00e1 conciertos de bandas urbanas, talleres, conferencias y foros.<\/p>\n\n\n\n<p>\u00c9sta tendr\u00e1 lugar el 18 de febrero a partir de las 11:00 a las 18:00 horas en el patio central del CECEQ \u201cManuel G\u00f3mez Morin\u201d, ubicado en Av. Constituyentes S\/N esq. Luis Pasteur Col. Villas del Sur, frente a la Alameda Hidalgo. Cabe destacar que el acceso es libre.<\/p>\n\n\n\n<p>Para los interesados en acudir al evento, el CECEQ invita a consultar su p\u00e1gina de Facebook en: Facebook\/CECEQro o a trav\u00e9s de su sitio web&nbsp;<a href=\"http:\/\/gomezmorin.queretaro.gob.mx\/\">http:\/\/gomezmorin.queretaro.gob.mx\/<\/a>&nbsp;para conocer m\u00e1s detalles sobre esta primera Feria Vocacional.<\/p>\n\n\n\n<figure class=\"wp-block-image size-large is-resized\"><img loading=\"lazy\" decoding=\"async\" src=\"https:\/\/a3noticias.com.mx\/sandbox\/wp-content\/uploads\/2022\/02\/71_273_35338_1387836525_Boletin_Feria_Vocacional-1-57x90.jpg\" alt=\"\" class=\"wp-image-18752\" width=\"614\" height=\"969\" srcset=\"https:\/\/a3noticias.com.mx\/sandbox\/wp-content\/uploads\/2022\/02\/71_273_35338_1387836525_Boletin_Feria_Vocacional-1-57x90.jpg 57w, https:\/\/a3noticias.com.mx\/sandbox\/wp-content\/uploads\/2022\/02\/71_273_35338_1387836525_Boletin_Feria_Vocacional-1-191x300.jpg 191w\" sizes=\"auto, (max-width: 614px) 100vw, 614px\" \/><\/figure>\n\n\n\n<p><\/p>\n","protected":false},"excerpt":{"rendered":"<p>El pr\u00f3ximo 18 de febrero se llevar\u00e1 a cabo la primera edici\u00f3n de la Feria de Orientaci\u00f3n Vocacional&nbsp;en las inmediaciones del Centro Educativo Cultural del Estado de Quer\u00e9taro \u201cManuel G\u00f3mez &hellip; <a href=\"https:\/\/a3noticias.com.mx\/sandbox\/2022\/02\/09\/anuncian-primera-feria-de-orientacion-vocacional-para-jovenes-queretanos\/\" class=\"more-link\">Leer m\u00e1s<\/a><\/p>\n","protected":false},"author":4,"featured_media":18756,"comment_status":"open","ping_status":"open","sticky":false,"template":"","format":"standard","meta":{"_monsterinsights_skip_tracking":false,"_monsterinsights_sitenote_active":false,"_monsterinsights_sitenote_note":"","_monsterinsights_sitenote_category":0,"footnotes":""},"categories":[2],"tags":[],"class_list":["post-18751","post","type-post","status-publish","format-standard","has-post-thumbnail","hentry","category-qro","entry"],"aioseo_notices":[],"_links":{"self":[{"href":"https:\/\/a3noticias.com.mx\/sandbox\/wp-json\/wp\/v2\/posts\/18751","targetHints":{"allow":["GET"]}}],"collection":[{"href":"https:\/\/a3noticias.com.mx\/sandbox\/wp-json\/wp\/v2\/posts"}],"about":[{"href":"https:\/\/a3noticias.com.mx\/sandbox\/wp-json\/wp\/v2\/types\/post"}],"author":[{"embeddable":true,"href":"https:\/\/a3noticias.com.mx\/sandbox\/wp-json\/wp\/v2\/users\/4"}],"replies":[{"embeddable":true,"href":"https:\/\/a3noticias.com.mx\/sandbox\/wp-json\/wp\/v2\/comments?post=18751"}],"version-history":[{"count":2,"href":"https:\/\/a3noticias.com.mx\/sandbox\/wp-json\/wp\/v2\/posts\/18751\/revisions"}],"predecessor-version":[{"id":18757,"href":"https:\/\/a3noticias.com.mx\/sandbox\/wp-json\/wp\/v2\/posts\/18751\/revisions\/18757"}],"wp:featuredmedia":[{"embeddable":true,"href":"https:\/\/a3noticias.com.mx\/sandbox\/wp-json\/wp\/v2\/media\/18756"}],"wp:attachment":[{"href":"https:\/\/a3noticias.com.mx\/sandbox\/wp-json\/wp\/v2\/media?parent=18751"}],"wp:term":[{"taxonomy":"category","embeddable":true,"href":"https:\/\/a3noticias.com.mx\/sandbox\/wp-json\/wp\/v2\/categories?post=18751"},{"taxonomy":"post_tag","embeddable":true,"href":"https:\/\/a3noticias.com.mx\/sandbox\/wp-json\/wp\/v2\/tags?post=18751"}],"curies":[{"name":"wp","href":"https:\/\/api.w.org\/{rel}","templated":true}]}}