{"id":18765,"date":"2022-02-09T11:18:06","date_gmt":"2022-02-09T17:18:06","guid":{"rendered":"https:\/\/a3noticias.com.mx\/sandbox\/?p=18765"},"modified":"2022-02-09T11:18:08","modified_gmt":"2022-02-09T17:18:08","slug":"luego-de-entrevistas-a-candidatos-para-la-presidencia-de-la-ddhq-legislatura-recibira-comentarios","status":"publish","type":"post","link":"https:\/\/a3noticias.com.mx\/sandbox\/2022\/02\/09\/luego-de-entrevistas-a-candidatos-para-la-presidencia-de-la-ddhq-legislatura-recibira-comentarios\/","title":{"rendered":"Luego de entrevistas a candidatos para la presidencia de la DDHQ, Legislatura recibir\u00e1 comentarios."},"content":{"rendered":"\n<p>De acuerdo a la convocatoria para la presidencia de la Defensor\u00eda de los Derechos Humanos de Quer\u00e9taro (DDHQ), este mi\u00e9rcoles 9 de febrero, en un horario de 9:00 a 15:00 horas, fue abierta la etapa para recibir la opini\u00f3n y evaluaciones de la ciudadan\u00eda y de organizaciones civiles sobre los perfiles entrevistados.<\/p>\n\n\n\n<blockquote class=\"wp-block-quote is-layout-flow wp-block-quote-is-layout-flow\"><p>\u201cCulminamos (entrevistas) y se abre un per\u00edodo para que entreguen documentaci\u00f3n (\u2026) que nos den su opini\u00f3n acerca de uno, dos o los 18 (aspirantes) en torno a las fortalezas y debilidades que ven en cada uno\u201d, explic\u00f3 el presidente de la Junta de Coordinaci\u00f3n Pol\u00edtica, Guillermo Vega Guerrero.<\/p><\/blockquote>\n\n\n\n<p>Se\u00f1al\u00f3 que en las entrevistas se presentaron dos tipos de perfiles: quienes poseen experiencia acad\u00e9mica o del servicio p\u00fablico y activistas en la materia, con lo que se tiene un ejercicio rico en capacidades y experiencia.<\/p>\n\n\n\n<p>Ser\u00e1 este jueves 10 de febrero cuando se emita la resoluci\u00f3n, ya sea con la propuesta \u00fanica o terna de finalistas, la cual ser\u00e1 sometido a votaci\u00f3n en Sesi\u00f3n de Pleno durante el mismo d\u00eda.&nbsp;<\/p>\n","protected":false},"excerpt":{"rendered":"<p>De acuerdo a la convocatoria para la presidencia de la Defensor\u00eda de los Derechos Humanos de Quer\u00e9taro (DDHQ), este mi\u00e9rcoles 9 de febrero, en un horario de 9:00 a 15:00 &hellip; <a href=\"https:\/\/a3noticias.com.mx\/sandbox\/2022\/02\/09\/luego-de-entrevistas-a-candidatos-para-la-presidencia-de-la-ddhq-legislatura-recibira-comentarios\/\" class=\"more-link\">Leer m\u00e1s<\/a><\/p>\n","protected":false},"author":2,"featured_media":18766,"comment_status":"open","ping_status":"open","sticky":false,"template":"","format":"standard","meta":{"_monsterinsights_skip_tracking":false,"_monsterinsights_sitenote_active":false,"_monsterinsights_sitenote_note":"","_monsterinsights_sitenote_category":0,"footnotes":""},"categories":[2],"tags":[],"class_list":["post-18765","post","type-post","status-publish","format-standard","has-post-thumbnail","hentry","category-qro","entry"],"aioseo_notices":[],"_links":{"self":[{"href":"https:\/\/a3noticias.com.mx\/sandbox\/wp-json\/wp\/v2\/posts\/18765","targetHints":{"allow":["GET"]}}],"collection":[{"href":"https:\/\/a3noticias.com.mx\/sandbox\/wp-json\/wp\/v2\/posts"}],"about":[{"href":"https:\/\/a3noticias.com.mx\/sandbox\/wp-json\/wp\/v2\/types\/post"}],"author":[{"embeddable":true,"href":"https:\/\/a3noticias.com.mx\/sandbox\/wp-json\/wp\/v2\/users\/2"}],"replies":[{"embeddable":true,"href":"https:\/\/a3noticias.com.mx\/sandbox\/wp-json\/wp\/v2\/comments?post=18765"}],"version-history":[{"count":1,"href":"https:\/\/a3noticias.com.mx\/sandbox\/wp-json\/wp\/v2\/posts\/18765\/revisions"}],"predecessor-version":[{"id":18767,"href":"https:\/\/a3noticias.com.mx\/sandbox\/wp-json\/wp\/v2\/posts\/18765\/revisions\/18767"}],"wp:featuredmedia":[{"embeddable":true,"href":"https:\/\/a3noticias.com.mx\/sandbox\/wp-json\/wp\/v2\/media\/18766"}],"wp:attachment":[{"href":"https:\/\/a3noticias.com.mx\/sandbox\/wp-json\/wp\/v2\/media?parent=18765"}],"wp:term":[{"taxonomy":"category","embeddable":true,"href":"https:\/\/a3noticias.com.mx\/sandbox\/wp-json\/wp\/v2\/categories?post=18765"},{"taxonomy":"post_tag","embeddable":true,"href":"https:\/\/a3noticias.com.mx\/sandbox\/wp-json\/wp\/v2\/tags?post=18765"}],"curies":[{"name":"wp","href":"https:\/\/api.w.org\/{rel}","templated":true}]}}