{"id":18769,"date":"2022-02-09T13:07:39","date_gmt":"2022-02-09T19:07:39","guid":{"rendered":"https:\/\/a3noticias.com.mx\/sandbox\/?p=18769"},"modified":"2022-02-09T13:07:41","modified_gmt":"2022-02-09T19:07:41","slug":"cupi-anuncia-concurso-periodistico","status":"publish","type":"post","link":"https:\/\/a3noticias.com.mx\/sandbox\/2022\/02\/09\/cupi-anuncia-concurso-periodistico\/","title":{"rendered":"CUPI Anuncia Concurso Period\u00edstico"},"content":{"rendered":"\n<p>A partir de este 10 de febrero y hasta el pr\u00f3ximo 11 de marzo, el Centro Universitario de Investigaci\u00f3n (CUPI), perteneciente a la Facultad de Ciencias Pol\u00edticas y Sociales (FCPS),&nbsp;de la Universidad Aut\u00f3noma de Quer\u00e9taro, estar\u00e1 recibiendo trabajos de periodistas en activo de los estados de Quer\u00e9taro, Guanajuato, Hidalgo, San Luis Potos\u00ed y Aguascalientes, como parte del Concurso de Entrevista de Semblanza en su edici\u00f3n 2022.<\/p>\n\n\n\n<p>De acuerdo con la directora del FCPS, Marcela Avila Eggleton, con este tipo de concursos se busca que la Facultad contin\u00fae siendo v\u00ednculo con los medios de comunicaci\u00f3n al tiempo que se premia la creatividad period\u00edstica.&nbsp;<\/p>\n\n\n\n<p>Por su parte, el docente Efrain Mendoza e integrante del jurado calificador, indic\u00f3 que esta convocatoria ser\u00e1 dedicada al g\u00e9nero de entrevista de semblanza, con la intenci\u00f3n de darle espacio a otros g\u00e9neros period\u00edsticos diferentes a los que se tiene acceso diariamente, como la nota informativa y la opini\u00f3n que son las predominantes en los medios de comunicaci\u00f3n.<\/p>\n\n\n\n<p>El director del CUPI, Carlo Aguilar, acot\u00f3 que habr\u00e1 dos categor\u00edas en las cuales se podr\u00e1 participar: la estudiantil y la de periodistas en activo, en las cuales se entregar\u00e1n tabletas a los ganadores, as\u00ed como menciones honor\u00edficas.<\/p>\n\n\n\n<blockquote class=\"wp-block-quote is-layout-flow wp-block-quote-is-layout-flow\"><p>\u201cEl g\u00e9nero de la entrevista es un g\u00e9nero que no siempre se recurre, entonces esta convocatoria est\u00e1 abierta para los periodistas de los diferentes medios impresos, radiof\u00f3nicos, televisivos, portales web y estar\u00e1 vigente el env\u00edo hasta el 11 de marzo\u201d, destac\u00f3.<\/p><\/blockquote>\n\n\n\n<p>Cabe destacar que los concursantes podr\u00e1n participar con m\u00e1s de un trabajo a la vez, adem\u00e1s que se recibir\u00e1n aquellos que hayan sido publicados desde el 1 de enero de 2019 al 31 de enero de 2022.&nbsp;<\/p>\n\n\n\n<p>Los interesados deber\u00e1n enviar su material al correo carlo.daniel.aguilar@uaq.edu.mx, con fecha l\u00edmite al 11 de marzo. Los resultados los dar\u00e1 a conocer el CUPI a trav\u00e9s de su p\u00e1gina de Facebook el 28 de marzo.&nbsp;<\/p>\n","protected":false},"excerpt":{"rendered":"<p>A partir de este 10 de febrero y hasta el pr\u00f3ximo 11 de marzo, el Centro Universitario de Investigaci\u00f3n (CUPI), perteneciente a la Facultad de Ciencias Pol\u00edticas y Sociales (FCPS),&nbsp;de &hellip; <a href=\"https:\/\/a3noticias.com.mx\/sandbox\/2022\/02\/09\/cupi-anuncia-concurso-periodistico\/\" class=\"more-link\">Leer m\u00e1s<\/a><\/p>\n","protected":false},"author":4,"featured_media":18770,"comment_status":"open","ping_status":"open","sticky":false,"template":"","format":"standard","meta":{"_monsterinsights_skip_tracking":false,"_monsterinsights_sitenote_active":false,"_monsterinsights_sitenote_note":"","_monsterinsights_sitenote_category":0,"footnotes":""},"categories":[2],"tags":[],"class_list":["post-18769","post","type-post","status-publish","format-standard","has-post-thumbnail","hentry","category-qro","entry"],"aioseo_notices":[],"_links":{"self":[{"href":"https:\/\/a3noticias.com.mx\/sandbox\/wp-json\/wp\/v2\/posts\/18769","targetHints":{"allow":["GET"]}}],"collection":[{"href":"https:\/\/a3noticias.com.mx\/sandbox\/wp-json\/wp\/v2\/posts"}],"about":[{"href":"https:\/\/a3noticias.com.mx\/sandbox\/wp-json\/wp\/v2\/types\/post"}],"author":[{"embeddable":true,"href":"https:\/\/a3noticias.com.mx\/sandbox\/wp-json\/wp\/v2\/users\/4"}],"replies":[{"embeddable":true,"href":"https:\/\/a3noticias.com.mx\/sandbox\/wp-json\/wp\/v2\/comments?post=18769"}],"version-history":[{"count":1,"href":"https:\/\/a3noticias.com.mx\/sandbox\/wp-json\/wp\/v2\/posts\/18769\/revisions"}],"predecessor-version":[{"id":18771,"href":"https:\/\/a3noticias.com.mx\/sandbox\/wp-json\/wp\/v2\/posts\/18769\/revisions\/18771"}],"wp:featuredmedia":[{"embeddable":true,"href":"https:\/\/a3noticias.com.mx\/sandbox\/wp-json\/wp\/v2\/media\/18770"}],"wp:attachment":[{"href":"https:\/\/a3noticias.com.mx\/sandbox\/wp-json\/wp\/v2\/media?parent=18769"}],"wp:term":[{"taxonomy":"category","embeddable":true,"href":"https:\/\/a3noticias.com.mx\/sandbox\/wp-json\/wp\/v2\/categories?post=18769"},{"taxonomy":"post_tag","embeddable":true,"href":"https:\/\/a3noticias.com.mx\/sandbox\/wp-json\/wp\/v2\/tags?post=18769"}],"curies":[{"name":"wp","href":"https:\/\/api.w.org\/{rel}","templated":true}]}}