{"id":18772,"date":"2022-02-09T13:29:32","date_gmt":"2022-02-09T19:29:32","guid":{"rendered":"https:\/\/a3noticias.com.mx\/sandbox\/?p=18772"},"modified":"2022-02-09T13:29:35","modified_gmt":"2022-02-09T19:29:35","slug":"uaq-participa-en-coloquio-internacional-peregrinar-desde-casa-paradojas-y-desafios","status":"publish","type":"post","link":"https:\/\/a3noticias.com.mx\/sandbox\/2022\/02\/09\/uaq-participa-en-coloquio-internacional-peregrinar-desde-casa-paradojas-y-desafios\/","title":{"rendered":"UAQ participa en Coloquio Internacional \u201cPeregrinar desde Casa\u201d paradojas y desaf\u00edos."},"content":{"rendered":"\n<p>La Universidad Aut\u00f3noma de Quer\u00e9taro UAQ) participar\u00e1 en el Coloquio Internacional \u201cPeregrinar desde Casa\u201d paradojas y desaf\u00edos, a cargo del&nbsp; Centro de Ense\u00f1anza para Extranjeros (CEPE) de la Universidad Aut\u00f3noma de M\u00e9xico (UNAM), el cual se desarrollar\u00e1 de manera virtual del 8 al 10 de febrero de este a\u00f1o, as\u00ed lo inform\u00f3 la Dra. Teresa Garc\u00eda Gasca, rectora de la Universidad.<\/p>\n\n\n\n<blockquote class=\"wp-block-quote is-layout-flow wp-block-quote-is-layout-flow\"><p>\u201cEs un privilegio que la UAQ a trav\u00e9s del grupo de trabajo integrado por la Mtra. Donatella y la Mtra. F\u00e1tima, sea part\u00edcipe en temas tan importantes como las peregrinaciones; sobre todo ante un escenario de pandemia que se vive en el mundo\u201d.<\/p><\/blockquote>\n\n\n\n<p>La rectora se\u00f1al\u00f3 que este coloquio es un importante espacio de reflexi\u00f3n que muestra una de las actividades humanas, que como muchas, se ha visto afectada por una contingencia sanitaria que no se esperaba.<\/p>\n\n\n\n<blockquote class=\"wp-block-quote is-layout-flow wp-block-quote-is-layout-flow\"><p>\u201cPeregrinaciones que fueron suspendidas, pospuestas o simplemente no se llevaron a cabo de la manera tradicional, lo que deriv\u00f3 en un impacto negativo entre la sociedad, sobre todo aquellas relacionadas con la fe, la esperanza y los sentimientos que permiten al ser humano ir m\u00e1s all\u00e1\u201d<\/p><\/blockquote>\n\n\n\n<p>El encargado de dirigir la declaratoria inaugural fue el Dr. Domingo Alberto Vital D\u00edaz, Director del CEPE-UNAM,&nbsp;<\/p>\n\n\n\n<p>Al tiempo de agradecer a los organizadores y profesionales de&nbsp; Argentina, Chile, M\u00e9xico, Estados Unidos, Portugal, Espa\u00f1a, Ir\u00e1n, Filipinas y Australia, dijo que es justo con este tipo de pr\u00e1cticas colaborativas y de intercambio, como se logra la construcci\u00f3n de espacios de reflexi\u00f3n hist\u00f3rica, filos\u00f3fica, cultural y social.<\/p>\n\n\n\n<blockquote class=\"wp-block-quote is-layout-flow wp-block-quote-is-layout-flow\"><p>\u201cQue es la misi\u00f3n de nuestro Centro de Ense\u00f1anza para Extranjeros con 101 a\u00f1os de existencia y con el \u00fanico fin de unir a las personas\u201d,<\/p><\/blockquote>\n\n\n\n<p>En ese sentido, el embajador en M\u00e9xico de la Rep\u00fablica Isl\u00e1mica de Ir\u00e1n, Sr. Alireza Ghezili, reconoci\u00f3 el destacado trabajo del cuerpo cient\u00edfico reunido a trav\u00e9s de este coloquio virtual.<\/p>\n\n\n\n<blockquote class=\"wp-block-quote is-layout-flow wp-block-quote-is-layout-flow\"><p>\u00a0\u201cEsta es una gran oportunidad de participar y profundizar en los temas que se estar\u00e1n desarrollando a lo largo de este evento de gran inter\u00e9s y de alto conocimiento cient\u00edfico\u201d.<\/p><\/blockquote>\n\n\n\n<p>El encuentro, en el que estuvieron presentes tambi\u00e9n la Universidad Pontifica de M\u00e9xico, la Asociaci\u00f3n Nacional de Universidades e Instituciones de Educaci\u00f3n Superior, la Embajada de la Rep\u00fablica Isl\u00e1mica de Ir\u00e1n en M\u00e9xico y el Grupo de Investigaci\u00f3n Reconocido \u201cHistoria Cultural y Universidades Alfonso 9\u00ba y el Instituto de Estudios Medievales y Renacentistas y Humanidades Digitales de la Universidad de Salamanca, arranc\u00f3 con la conferencia: Peregrinaci\u00f3n a la Tumba de Jim Morrison: cuatro d\u00e9cadas de \u201cFiestas de Amigos\u201d y la ruptura parcial debida al COVID, a cargo de la Dra. Patricia Fournier.<\/p>\n","protected":false},"excerpt":{"rendered":"<p>La Universidad Aut\u00f3noma de Quer\u00e9taro UAQ) participar\u00e1 en el Coloquio Internacional \u201cPeregrinar desde Casa\u201d paradojas y desaf\u00edos, a cargo del&nbsp; Centro de Ense\u00f1anza para Extranjeros (CEPE) de la Universidad Aut\u00f3noma &hellip; <a href=\"https:\/\/a3noticias.com.mx\/sandbox\/2022\/02\/09\/uaq-participa-en-coloquio-internacional-peregrinar-desde-casa-paradojas-y-desafios\/\" class=\"more-link\">Leer m\u00e1s<\/a><\/p>\n","protected":false},"author":2,"featured_media":18773,"comment_status":"open","ping_status":"open","sticky":false,"template":"","format":"standard","meta":{"_monsterinsights_skip_tracking":false,"_monsterinsights_sitenote_active":false,"_monsterinsights_sitenote_note":"","_monsterinsights_sitenote_category":0,"footnotes":""},"categories":[2],"tags":[],"class_list":["post-18772","post","type-post","status-publish","format-standard","has-post-thumbnail","hentry","category-qro","entry"],"aioseo_notices":[],"_links":{"self":[{"href":"https:\/\/a3noticias.com.mx\/sandbox\/wp-json\/wp\/v2\/posts\/18772","targetHints":{"allow":["GET"]}}],"collection":[{"href":"https:\/\/a3noticias.com.mx\/sandbox\/wp-json\/wp\/v2\/posts"}],"about":[{"href":"https:\/\/a3noticias.com.mx\/sandbox\/wp-json\/wp\/v2\/types\/post"}],"author":[{"embeddable":true,"href":"https:\/\/a3noticias.com.mx\/sandbox\/wp-json\/wp\/v2\/users\/2"}],"replies":[{"embeddable":true,"href":"https:\/\/a3noticias.com.mx\/sandbox\/wp-json\/wp\/v2\/comments?post=18772"}],"version-history":[{"count":1,"href":"https:\/\/a3noticias.com.mx\/sandbox\/wp-json\/wp\/v2\/posts\/18772\/revisions"}],"predecessor-version":[{"id":18774,"href":"https:\/\/a3noticias.com.mx\/sandbox\/wp-json\/wp\/v2\/posts\/18772\/revisions\/18774"}],"wp:featuredmedia":[{"embeddable":true,"href":"https:\/\/a3noticias.com.mx\/sandbox\/wp-json\/wp\/v2\/media\/18773"}],"wp:attachment":[{"href":"https:\/\/a3noticias.com.mx\/sandbox\/wp-json\/wp\/v2\/media?parent=18772"}],"wp:term":[{"taxonomy":"category","embeddable":true,"href":"https:\/\/a3noticias.com.mx\/sandbox\/wp-json\/wp\/v2\/categories?post=18772"},{"taxonomy":"post_tag","embeddable":true,"href":"https:\/\/a3noticias.com.mx\/sandbox\/wp-json\/wp\/v2\/tags?post=18772"}],"curies":[{"name":"wp","href":"https:\/\/api.w.org\/{rel}","templated":true}]}}