{"id":18775,"date":"2022-02-11T11:00:00","date_gmt":"2022-02-11T17:00:00","guid":{"rendered":"https:\/\/a3noticias.com.mx\/sandbox\/?p=18775"},"modified":"2022-02-09T17:12:52","modified_gmt":"2022-02-09T23:12:52","slug":"5-mujeres-que-revolucionaron-la-ciencia","status":"publish","type":"post","link":"https:\/\/a3noticias.com.mx\/sandbox\/2022\/02\/11\/5-mujeres-que-revolucionaron-la-ciencia\/","title":{"rendered":"5 Mujeres  que revolucionaron la ciencia"},"content":{"rendered":"\n<p>Desde 2015, la Asamblea General de las Naciones Unidas proclam\u00f3 el 11 de febrero como el D\u00eda Internacional de la Mujer y la Ni\u00f1a en la Ciencia, con el fin de dar voz y reconocimiento a las mujeres y ni\u00f1as que hayan realizado labores destacadas en el rubro cient\u00edfico, adem\u00e1s de generar una mayor inclusi\u00f3n a las mujeres en \u00e9sta \u00e1rea rompiendo as\u00ed con la brecha de g\u00e9nero.<\/p>\n\n\n\n<p>Y es que en algunos pa\u00edses del mundo a\u00fan se prohibe a las mujeres participar en ciertas actividades como la ciencia, la tecnolog\u00eda y las matem\u00e1ticas, por mencionar algunas. Por lo que este a\u00f1o 2022, se trabaja para conseguir que las mujeres y las ni\u00f1as formen parte de la ciencia como agentes de cambio.<\/p>\n\n\n\n<p>Es por ello que en el marco del D\u00eda Internacional de la Mujer y la Ni\u00f1a en la Ciencia, recordamos algunas de las mujeres cient\u00edficas m\u00e1s destacadas de la historia.<\/p>\n\n\n\n<p>Maria\u00a0Salomea Sk\u0142odowska-Curie mejor conocida como <strong>Marie Curie, <\/strong>fue la primera mujer a la que se le reconoci\u00f3 su trabajo en el campo de la ciencia, adem\u00e1s de ser <strong>la primera persona en recibir dos\u00a0Premios Nobel en las \u00e1reas de F\u00edsica y Qu\u00edmica por su aportaci\u00f3n en el descubrimiento de la radiactividad\u00a0natural. <\/strong>Es considerada hasta el d\u00eda de hoy la Madre de la F\u00edsica Moderna.\u00a0<\/p>\n\n\n\n<figure class=\"wp-block-image size-large is-resized\"><img loading=\"lazy\" decoding=\"async\" src=\"https:\/\/a3noticias.com.mx\/sandbox\/wp-content\/uploads\/2022\/02\/marie-curi-160x90.jpeg\" alt=\"\" class=\"wp-image-18776\" width=\"581\" height=\"327\" srcset=\"https:\/\/a3noticias.com.mx\/sandbox\/wp-content\/uploads\/2022\/02\/marie-curi-160x90.jpeg 160w, https:\/\/a3noticias.com.mx\/sandbox\/wp-content\/uploads\/2022\/02\/marie-curi-300x169.jpeg 300w, https:\/\/a3noticias.com.mx\/sandbox\/wp-content\/uploads\/2022\/02\/marie-curi-768x432.jpeg 768w, https:\/\/a3noticias.com.mx\/sandbox\/wp-content\/uploads\/2022\/02\/marie-curi.jpeg 1024w\" sizes=\"auto, (max-width: 581px) 100vw, 581px\" \/><\/figure>\n\n\n\n<p><strong>Mar\u00eda Teresa Ru\u00edz<\/strong>, fue una de las primeras mujeres en estudiar astronom\u00eda en la Universidad de Chile continuando sus estudios con un doctorado en\u00a0astrof\u00edsica en la\u00a0Universidad de Princeton, convirti\u00e9ndose en la primera mujer en obtener ambos t\u00edtulos en las respectivas universidades. As\u00ed como la primera mujer en recibir el Premio Nacional de Ciencia de Chile. En 1997,\u00a0<strong>descubri\u00f3\u00a0la primera enana \u201ccaf\u00e9\u201d de baja masa<\/strong>\u00a0que son objetos estelares que no poseen luz propia.<\/p>\n\n\n\n<figure class=\"wp-block-image size-large is-resized\"><img loading=\"lazy\" decoding=\"async\" src=\"https:\/\/a3noticias.com.mx\/sandbox\/wp-content\/uploads\/2022\/02\/Mari\u0301a-Teresa-Rui\u0301z-1-160x90.jpeg\" alt=\"\" class=\"wp-image-18777\" width=\"597\" height=\"336\" srcset=\"https:\/\/a3noticias.com.mx\/sandbox\/wp-content\/uploads\/2022\/02\/Mari\u0301a-Teresa-Rui\u0301z-1-160x90.jpeg 160w, https:\/\/a3noticias.com.mx\/sandbox\/wp-content\/uploads\/2022\/02\/Mari\u0301a-Teresa-Rui\u0301z-1-300x169.jpeg 300w, https:\/\/a3noticias.com.mx\/sandbox\/wp-content\/uploads\/2022\/02\/Mari\u0301a-Teresa-Rui\u0301z-1.jpeg 710w\" sizes=\"auto, (max-width: 597px) 100vw, 597px\" \/><\/figure>\n\n\n\n<p><strong>Ada Lovelace<\/strong> fue una matem\u00e1tica y escritora brit\u00e1nica pionera en sistemas inform\u00e1ticos y programaci\u00f3n de ordenadores, pues fue quien desarroll\u00f3 lo que hoy se conoce como el primer\u00a0algoritmo\u00a0destinado a ser procesado por una m\u00e1quina, por lo que <strong>es considerada la primera\u00a0programadora\u00a0de\u00a0ordenadores.<\/strong><\/p>\n\n\n\n<figure class=\"wp-block-image size-large is-resized\"><img loading=\"lazy\" decoding=\"async\" src=\"https:\/\/a3noticias.com.mx\/sandbox\/wp-content\/uploads\/2022\/02\/ada-90x90.jpeg\" alt=\"\" class=\"wp-image-18778\" width=\"591\" height=\"591\" srcset=\"https:\/\/a3noticias.com.mx\/sandbox\/wp-content\/uploads\/2022\/02\/ada-90x90.jpeg 90w, https:\/\/a3noticias.com.mx\/sandbox\/wp-content\/uploads\/2022\/02\/ada-150x150.jpeg 150w, https:\/\/a3noticias.com.mx\/sandbox\/wp-content\/uploads\/2022\/02\/ada.jpeg 224w\" sizes=\"auto, (max-width: 591px) 100vw, 591px\" \/><\/figure>\n\n\n\n<p><strong>Vera Rubin<\/strong> fue quien <strong>descubri\u00f3 la materia oscura,<\/strong> responsable de la atracci\u00f3n gravitacional que afecta el movimiento del universo siendo la segunda mujer en recibir la medalla de oro de la Real Sociedad Astron\u00f3mica. Escribi\u00f3 en coautor\u00eda 114 art\u00edculos de investigaci\u00f3n.<\/p>\n\n\n\n<figure class=\"wp-block-image size-large is-resized\"><img loading=\"lazy\" decoding=\"async\" src=\"https:\/\/a3noticias.com.mx\/sandbox\/wp-content\/uploads\/2022\/02\/vera-rubin-94x90.jpeg\" alt=\"\" class=\"wp-image-18779\" width=\"592\" height=\"567\" srcset=\"https:\/\/a3noticias.com.mx\/sandbox\/wp-content\/uploads\/2022\/02\/vera-rubin-94x90.jpeg 94w, https:\/\/a3noticias.com.mx\/sandbox\/wp-content\/uploads\/2022\/02\/vera-rubin-300x287.jpeg 300w, https:\/\/a3noticias.com.mx\/sandbox\/wp-content\/uploads\/2022\/02\/vera-rubin-768x734.jpeg 768w\" sizes=\"auto, (max-width: 592px) 100vw, 592px\" \/><\/figure>\n\n\n\n<p><strong>Fran\u00e7oise Barr\u00e9-Sinoussi<\/strong> fue quien <strong>descubri\u00f3 en conjunto con Luc Montaigner, el virus de inmunodeficiencia humana (VIH), <\/strong>mejor conocido como SIDA, lo que vali\u00f3 recibir el Premio Nobel de Fisiolog\u00eda o Medicina en 2008.<\/p>\n\n\n\n<figure class=\"wp-block-image size-large is-resized\"><img loading=\"lazy\" decoding=\"async\" src=\"https:\/\/a3noticias.com.mx\/sandbox\/wp-content\/uploads\/2022\/02\/E5nH_ngWYAM8lxK-160x90.jpeg\" alt=\"\" class=\"wp-image-18780\" width=\"600\" height=\"338\" srcset=\"https:\/\/a3noticias.com.mx\/sandbox\/wp-content\/uploads\/2022\/02\/E5nH_ngWYAM8lxK-160x90.jpeg 160w, https:\/\/a3noticias.com.mx\/sandbox\/wp-content\/uploads\/2022\/02\/E5nH_ngWYAM8lxK-300x169.jpeg 300w, https:\/\/a3noticias.com.mx\/sandbox\/wp-content\/uploads\/2022\/02\/E5nH_ngWYAM8lxK-768x432.jpeg 768w, https:\/\/a3noticias.com.mx\/sandbox\/wp-content\/uploads\/2022\/02\/E5nH_ngWYAM8lxK.jpeg 1200w\" sizes=\"auto, (max-width: 600px) 100vw, 600px\" \/><\/figure>\n","protected":false},"excerpt":{"rendered":"<p>Desde 2015, la Asamblea General de las Naciones Unidas proclam\u00f3 el 11 de febrero como el D\u00eda Internacional de la Mujer y la Ni\u00f1a en la Ciencia, con el fin &hellip; <a href=\"https:\/\/a3noticias.com.mx\/sandbox\/2022\/02\/11\/5-mujeres-que-revolucionaron-la-ciencia\/\" class=\"more-link\">Leer m\u00e1s<\/a><\/p>\n","protected":false},"author":4,"featured_media":18781,"comment_status":"open","ping_status":"open","sticky":false,"template":"","format":"standard","meta":{"_monsterinsights_skip_tracking":false,"_monsterinsights_sitenote_active":false,"_monsterinsights_sitenote_note":"","_monsterinsights_sitenote_category":0,"footnotes":""},"categories":[8],"tags":[],"class_list":["post-18775","post","type-post","status-publish","format-standard","has-post-thumbnail","hentry","category-cyt","entry"],"aioseo_notices":[],"_links":{"self":[{"href":"https:\/\/a3noticias.com.mx\/sandbox\/wp-json\/wp\/v2\/posts\/18775","targetHints":{"allow":["GET"]}}],"collection":[{"href":"https:\/\/a3noticias.com.mx\/sandbox\/wp-json\/wp\/v2\/posts"}],"about":[{"href":"https:\/\/a3noticias.com.mx\/sandbox\/wp-json\/wp\/v2\/types\/post"}],"author":[{"embeddable":true,"href":"https:\/\/a3noticias.com.mx\/sandbox\/wp-json\/wp\/v2\/users\/4"}],"replies":[{"embeddable":true,"href":"https:\/\/a3noticias.com.mx\/sandbox\/wp-json\/wp\/v2\/comments?post=18775"}],"version-history":[{"count":1,"href":"https:\/\/a3noticias.com.mx\/sandbox\/wp-json\/wp\/v2\/posts\/18775\/revisions"}],"predecessor-version":[{"id":18782,"href":"https:\/\/a3noticias.com.mx\/sandbox\/wp-json\/wp\/v2\/posts\/18775\/revisions\/18782"}],"wp:featuredmedia":[{"embeddable":true,"href":"https:\/\/a3noticias.com.mx\/sandbox\/wp-json\/wp\/v2\/media\/18781"}],"wp:attachment":[{"href":"https:\/\/a3noticias.com.mx\/sandbox\/wp-json\/wp\/v2\/media?parent=18775"}],"wp:term":[{"taxonomy":"category","embeddable":true,"href":"https:\/\/a3noticias.com.mx\/sandbox\/wp-json\/wp\/v2\/categories?post=18775"},{"taxonomy":"post_tag","embeddable":true,"href":"https:\/\/a3noticias.com.mx\/sandbox\/wp-json\/wp\/v2\/tags?post=18775"}],"curies":[{"name":"wp","href":"https:\/\/api.w.org\/{rel}","templated":true}]}}