{"id":18791,"date":"2022-02-10T09:50:46","date_gmt":"2022-02-10T15:50:46","guid":{"rendered":"https:\/\/a3noticias.com.mx\/sandbox\/?p=18791"},"modified":"2022-02-10T09:50:48","modified_gmt":"2022-02-10T15:50:48","slug":"amlo-niega-que-haya-ruptura-con-espana-se-trata-de-una-pausa-senala","status":"publish","type":"post","link":"https:\/\/a3noticias.com.mx\/sandbox\/2022\/02\/10\/amlo-niega-que-haya-ruptura-con-espana-se-trata-de-una-pausa-senala\/","title":{"rendered":"AMLO niega que haya ruptura con Espa\u00f1a, se trata de una pausa, se\u00f1ala."},"content":{"rendered":"\n<p>El presidente de M\u00e9xico, Andr\u00e9s Manuel L\u00f3pez Obrador asegur\u00f3 que no existe una ruptura con Espa\u00f1a y defendi\u00f3 su postura de pausar relaciones con el pa\u00eds europeo, argumentando que lo que se busca es establecer un nuevo trato y \u201cserenar la relaci\u00f3n\u201d.&nbsp;<\/p>\n\n\n\n<blockquote class=\"wp-block-quote is-layout-flow wp-block-quote-is-layout-flow\"><p>\u201cLo que dije ayer es \u2018vamos, por el bien de nuestros pueblos, a tener una pausa\u2019. No habl\u00e9 de ruptura, no, dije \u2018vamos a serenar la relaci\u00f3n\u201d.<\/p><\/blockquote>\n\n\n\n<p>El jefe del Ejecutivo se\u00f1al\u00f3 que durante 36 a\u00f1os se saque\u00f3 a M\u00e9xico y varias empresas extranjeras no dimensionan que existe un nuevo gobierno, por lo que se les tiene que estar recordando frecuentemente que ya no es el tiempo en el que \u201cven\u00edan y no hac\u00edan ning\u00fan tr\u00e1mite, sino que se les pon\u00edan los funcionarios p\u00fablicos de tapete\u201d.&nbsp;<\/p>\n\n\n\n<blockquote class=\"wp-block-quote is-layout-flow wp-block-quote-is-layout-flow\"><p>\u201cQue ya no piensen se que se va a saquear a M\u00e9xico impunemente, eso pas\u00f3, es una falta de respeto, deber\u00edan de ofrecer hasta disculpas, no lo han hecho pero no importa. Vamos a entrar a una etapa nueva, pero despacio. No es una ruptura, solo que queremos decir lo que ha pasado para que los sepa el pueblo de M\u00e9xico y de Espa\u00f1a\u201d<\/p><\/blockquote>\n\n\n\n<p>Asimismo, AMLO tambi\u00e9n habl\u00f3 sobre los beneficios que empresas espa\u00f1olas como Repsol y OHL, recibieron durante las administraciones de Felipe Calder\u00f3n y Enrique Pe\u00f1a Nieto, con jugosos contratos que no beneficiaban a M\u00e9xico.<\/p>\n","protected":false},"excerpt":{"rendered":"<p>El presidente de M\u00e9xico, Andr\u00e9s Manuel L\u00f3pez Obrador asegur\u00f3 que no existe una ruptura con Espa\u00f1a y defendi\u00f3 su postura de pausar relaciones con el pa\u00eds europeo, argumentando que lo &hellip; <a href=\"https:\/\/a3noticias.com.mx\/sandbox\/2022\/02\/10\/amlo-niega-que-haya-ruptura-con-espana-se-trata-de-una-pausa-senala\/\" class=\"more-link\">Leer m\u00e1s<\/a><\/p>\n","protected":false},"author":2,"featured_media":18792,"comment_status":"open","ping_status":"open","sticky":false,"template":"","format":"standard","meta":{"_monsterinsights_skip_tracking":false,"_monsterinsights_sitenote_active":false,"_monsterinsights_sitenote_note":"","_monsterinsights_sitenote_category":0,"footnotes":""},"categories":[3],"tags":[],"class_list":["post-18791","post","type-post","status-publish","format-standard","has-post-thumbnail","hentry","category-nal","entry"],"aioseo_notices":[],"_links":{"self":[{"href":"https:\/\/a3noticias.com.mx\/sandbox\/wp-json\/wp\/v2\/posts\/18791","targetHints":{"allow":["GET"]}}],"collection":[{"href":"https:\/\/a3noticias.com.mx\/sandbox\/wp-json\/wp\/v2\/posts"}],"about":[{"href":"https:\/\/a3noticias.com.mx\/sandbox\/wp-json\/wp\/v2\/types\/post"}],"author":[{"embeddable":true,"href":"https:\/\/a3noticias.com.mx\/sandbox\/wp-json\/wp\/v2\/users\/2"}],"replies":[{"embeddable":true,"href":"https:\/\/a3noticias.com.mx\/sandbox\/wp-json\/wp\/v2\/comments?post=18791"}],"version-history":[{"count":1,"href":"https:\/\/a3noticias.com.mx\/sandbox\/wp-json\/wp\/v2\/posts\/18791\/revisions"}],"predecessor-version":[{"id":18793,"href":"https:\/\/a3noticias.com.mx\/sandbox\/wp-json\/wp\/v2\/posts\/18791\/revisions\/18793"}],"wp:featuredmedia":[{"embeddable":true,"href":"https:\/\/a3noticias.com.mx\/sandbox\/wp-json\/wp\/v2\/media\/18792"}],"wp:attachment":[{"href":"https:\/\/a3noticias.com.mx\/sandbox\/wp-json\/wp\/v2\/media?parent=18791"}],"wp:term":[{"taxonomy":"category","embeddable":true,"href":"https:\/\/a3noticias.com.mx\/sandbox\/wp-json\/wp\/v2\/categories?post=18791"},{"taxonomy":"post_tag","embeddable":true,"href":"https:\/\/a3noticias.com.mx\/sandbox\/wp-json\/wp\/v2\/tags?post=18791"}],"curies":[{"name":"wp","href":"https:\/\/api.w.org\/{rel}","templated":true}]}}