{"id":18795,"date":"2022-02-10T10:42:03","date_gmt":"2022-02-10T16:42:03","guid":{"rendered":"https:\/\/a3noticias.com.mx\/sandbox\/?p=18795"},"modified":"2022-02-10T10:42:06","modified_gmt":"2022-02-10T16:42:06","slug":"se-espera-recuperacion-economica-previa-a-la-pandemia-en-primer-trimestre-del-2022-canaco","status":"publish","type":"post","link":"https:\/\/a3noticias.com.mx\/sandbox\/2022\/02\/10\/se-espera-recuperacion-economica-previa-a-la-pandemia-en-primer-trimestre-del-2022-canaco\/","title":{"rendered":"Se espera recuperaci\u00f3n econ\u00f3mica previa a la pandemia en primer trimestre del 2022: CANACO."},"content":{"rendered":"\n<p>Fabi\u00e1n Octavio Camacho Arredondo, fue ratificado el d\u00eda de ayer como presidente de la C\u00e1mara Nacional de Comercio (Canaco) en Quer\u00e9taro para un segundo periodo, esto durante la asamblea 119 del organismo.<\/p>\n\n\n\n<p>Se\u00f1al\u00f3 que el reto que considera m\u00e1s importante es dotar de las herramientas suficientes para hacer del sector comercio, servicio y turismo uno m\u00e1s competitivo.&nbsp;<\/p>\n\n\n\n<p>En otro sentido, el titular de Canaco, se\u00f1al\u00f3 que al primer trimestre de este a\u00f1o se esperan recuperar econ\u00f3micamente los niveles previos a la pandemia.<\/p>\n\n\n\n<blockquote class=\"wp-block-quote is-layout-flow wp-block-quote-is-layout-flow\"><p>\u201cAvanzado el primer trimestre poder estar teniendo las posibilidades de tener la recuperaci\u00f3n necesaria para poder estar en n\u00fameros similares a los que ten\u00edamos en febrero del 2020\u201d.\u00a0<\/p><\/blockquote>\n\n\n\n<p>Pese a que el inicio de a\u00f1o ha sido complicado para el sector comercial, debido a la pandemia de Covid-19 y la inflaci\u00f3n, reiter\u00f3 que el objetivo es cerrar el 2022 con mejores n\u00fameros para estabilizar la econom\u00eda.&nbsp;<\/p>\n","protected":false},"excerpt":{"rendered":"<p>Fabi\u00e1n Octavio Camacho Arredondo, fue ratificado el d\u00eda de ayer como presidente de la C\u00e1mara Nacional de Comercio (Canaco) en Quer\u00e9taro para un segundo periodo, esto durante la asamblea 119 &hellip; <a href=\"https:\/\/a3noticias.com.mx\/sandbox\/2022\/02\/10\/se-espera-recuperacion-economica-previa-a-la-pandemia-en-primer-trimestre-del-2022-canaco\/\" class=\"more-link\">Leer m\u00e1s<\/a><\/p>\n","protected":false},"author":2,"featured_media":18799,"comment_status":"open","ping_status":"open","sticky":false,"template":"","format":"standard","meta":{"_monsterinsights_skip_tracking":false,"_monsterinsights_sitenote_active":false,"_monsterinsights_sitenote_note":"","_monsterinsights_sitenote_category":0,"footnotes":""},"categories":[2],"tags":[],"class_list":["post-18795","post","type-post","status-publish","format-standard","has-post-thumbnail","hentry","category-qro","entry"],"aioseo_notices":[],"_links":{"self":[{"href":"https:\/\/a3noticias.com.mx\/sandbox\/wp-json\/wp\/v2\/posts\/18795","targetHints":{"allow":["GET"]}}],"collection":[{"href":"https:\/\/a3noticias.com.mx\/sandbox\/wp-json\/wp\/v2\/posts"}],"about":[{"href":"https:\/\/a3noticias.com.mx\/sandbox\/wp-json\/wp\/v2\/types\/post"}],"author":[{"embeddable":true,"href":"https:\/\/a3noticias.com.mx\/sandbox\/wp-json\/wp\/v2\/users\/2"}],"replies":[{"embeddable":true,"href":"https:\/\/a3noticias.com.mx\/sandbox\/wp-json\/wp\/v2\/comments?post=18795"}],"version-history":[{"count":1,"href":"https:\/\/a3noticias.com.mx\/sandbox\/wp-json\/wp\/v2\/posts\/18795\/revisions"}],"predecessor-version":[{"id":18800,"href":"https:\/\/a3noticias.com.mx\/sandbox\/wp-json\/wp\/v2\/posts\/18795\/revisions\/18800"}],"wp:featuredmedia":[{"embeddable":true,"href":"https:\/\/a3noticias.com.mx\/sandbox\/wp-json\/wp\/v2\/media\/18799"}],"wp:attachment":[{"href":"https:\/\/a3noticias.com.mx\/sandbox\/wp-json\/wp\/v2\/media?parent=18795"}],"wp:term":[{"taxonomy":"category","embeddable":true,"href":"https:\/\/a3noticias.com.mx\/sandbox\/wp-json\/wp\/v2\/categories?post=18795"},{"taxonomy":"post_tag","embeddable":true,"href":"https:\/\/a3noticias.com.mx\/sandbox\/wp-json\/wp\/v2\/tags?post=18795"}],"curies":[{"name":"wp","href":"https:\/\/api.w.org\/{rel}","templated":true}]}}