{"id":18796,"date":"2022-02-10T10:34:59","date_gmt":"2022-02-10T16:34:59","guid":{"rendered":"https:\/\/a3noticias.com.mx\/sandbox\/?p=18796"},"modified":"2022-02-10T10:35:02","modified_gmt":"2022-02-10T16:35:02","slug":"designan-nuevo-titular-de-la-profeco-en-queretaro","status":"publish","type":"post","link":"https:\/\/a3noticias.com.mx\/sandbox\/2022\/02\/10\/designan-nuevo-titular-de-la-profeco-en-queretaro\/","title":{"rendered":"Designan nuevo titular de la PROFECO en Quer\u00e9taro"},"content":{"rendered":"\n<p>Osvaldo Garc\u00eda Arteaga fue nombrado como el nuevo titular de la Procuradur\u00eda Federal del Consumidor en el estado de Quer\u00e9taro (PROFECO), as\u00ed lo dio a conocer el procurador Ricardo Sheffield.<\/p>\n\n\n\n<p>Garc\u00eda Arteaga estar\u00e1 a cargo de la PROFECO en Quer\u00e9taro, adem\u00e1s de que tendr\u00e1 circunscripci\u00f3n territorial en los municipios de Alfajayucan, Atotonilco de Tula, Chapantongo, Huichapan, Nopala de Villagr\u00e1n, Pacula, Tasquillo, Tecozautla, Tepeji del R\u00edo de Ocampo, Tepetitl\u00e1n, Atitalaquia, Tula de Allende y Zimap\u00e1n, pertenecientes al estado de Hidalgo.<\/p>\n\n\n\n<p>El nuevo delegado de la dependencia en el Estado de Quer\u00e9taro, mostr\u00f3 su agradecimiento a Sheffield por el nombramiento y dijo llevar\u00eda a cabo su labor siempre \u201cbajo el mandato de promover, proteger los derechos y cultura del consumidor\u201d.<\/p>\n\n\n\n<blockquote class=\"wp-block-quote is-layout-flow wp-block-quote-is-layout-flow\"><p>\u201cSiempre garantizando el respeto a los principios de certeza y seguridad jur\u00eddica, buscando la conciliaci\u00f3n entre los proveedores y demandantes de bienes y\/o servicios\u201d, apunt\u00f3 Garc\u00eda Arteaga.<\/p><\/blockquote>\n\n\n\n<p>El funcionario asegur\u00f3 que trabajar\u00e1 fuerte a fin de continuar haciendo de la Procuradur\u00eda una dependencia cercana a la gente, as\u00ed como brind\u00e1ndoles atenci\u00f3n oportuna, buscando adem\u00e1s fomentar la educaci\u00f3n sobre el consumo responsable.<\/p>\n\n\n\n<p>Garc\u00eda Arteaga inici\u00f3 su carrera como funcionario p\u00fablico en 2012, como Regidor del Honorable Ayuntamiento de San Miguel de Allende.<\/p>\n\n\n\n<p>Del 2018 al 2021 fue diputado federal suplente por el distrito 2, y ahora es el nuevo Procurador de la PROFECO en Quer\u00e9taro.<\/p>\n\n\n\n<p>Mas tarde en el periodo 2015 a 2020, se desempe\u00f1\u00f3 como director de Desarrollo Social y Humano, en el Gobierno Municipal de San Miguel de Allende.<\/p>\n","protected":false},"excerpt":{"rendered":"<p>Osvaldo Garc\u00eda Arteaga fue nombrado como el nuevo titular de la Procuradur\u00eda Federal del Consumidor en el estado de Quer\u00e9taro (PROFECO), as\u00ed lo dio a conocer el procurador Ricardo Sheffield. &hellip; <a href=\"https:\/\/a3noticias.com.mx\/sandbox\/2022\/02\/10\/designan-nuevo-titular-de-la-profeco-en-queretaro\/\" class=\"more-link\">Leer m\u00e1s<\/a><\/p>\n","protected":false},"author":4,"featured_media":18797,"comment_status":"open","ping_status":"open","sticky":false,"template":"","format":"standard","meta":{"_monsterinsights_skip_tracking":false,"_monsterinsights_sitenote_active":false,"_monsterinsights_sitenote_note":"","_monsterinsights_sitenote_category":0,"footnotes":""},"categories":[2],"tags":[],"class_list":["post-18796","post","type-post","status-publish","format-standard","has-post-thumbnail","hentry","category-qro","entry"],"aioseo_notices":[],"_links":{"self":[{"href":"https:\/\/a3noticias.com.mx\/sandbox\/wp-json\/wp\/v2\/posts\/18796","targetHints":{"allow":["GET"]}}],"collection":[{"href":"https:\/\/a3noticias.com.mx\/sandbox\/wp-json\/wp\/v2\/posts"}],"about":[{"href":"https:\/\/a3noticias.com.mx\/sandbox\/wp-json\/wp\/v2\/types\/post"}],"author":[{"embeddable":true,"href":"https:\/\/a3noticias.com.mx\/sandbox\/wp-json\/wp\/v2\/users\/4"}],"replies":[{"embeddable":true,"href":"https:\/\/a3noticias.com.mx\/sandbox\/wp-json\/wp\/v2\/comments?post=18796"}],"version-history":[{"count":1,"href":"https:\/\/a3noticias.com.mx\/sandbox\/wp-json\/wp\/v2\/posts\/18796\/revisions"}],"predecessor-version":[{"id":18798,"href":"https:\/\/a3noticias.com.mx\/sandbox\/wp-json\/wp\/v2\/posts\/18796\/revisions\/18798"}],"wp:featuredmedia":[{"embeddable":true,"href":"https:\/\/a3noticias.com.mx\/sandbox\/wp-json\/wp\/v2\/media\/18797"}],"wp:attachment":[{"href":"https:\/\/a3noticias.com.mx\/sandbox\/wp-json\/wp\/v2\/media?parent=18796"}],"wp:term":[{"taxonomy":"category","embeddable":true,"href":"https:\/\/a3noticias.com.mx\/sandbox\/wp-json\/wp\/v2\/categories?post=18796"},{"taxonomy":"post_tag","embeddable":true,"href":"https:\/\/a3noticias.com.mx\/sandbox\/wp-json\/wp\/v2\/tags?post=18796"}],"curies":[{"name":"wp","href":"https:\/\/api.w.org\/{rel}","templated":true}]}}