{"id":18808,"date":"2022-02-10T16:24:13","date_gmt":"2022-02-10T22:24:13","guid":{"rendered":"https:\/\/a3noticias.com.mx\/sandbox\/?p=18808"},"modified":"2022-02-10T16:24:16","modified_gmt":"2022-02-10T22:24:16","slug":"javier-rascado-nuevo-titular-de-la-ddhq","status":"publish","type":"post","link":"https:\/\/a3noticias.com.mx\/sandbox\/2022\/02\/10\/javier-rascado-nuevo-titular-de-la-ddhq\/","title":{"rendered":"Javier Rascado, nuevo titular de la DDHQ."},"content":{"rendered":"\n<p>Esta ma\u00f1ana, la LX Legislatura eligi\u00f3, en sesi\u00f3n de Pleno, al nuevo titular de la Defensor\u00eda de los Derechos Humanos de Quer\u00e9taro (DDHQ) para el periodo del 12 de febrero del 2022 al 12 de febrero del 2027.&nbsp;<\/p>\n\n\n\n<p>Con 18 votos, Javier Rascado P\u00e9rez, ex titular de InfoQro, fue quien result\u00f3 ganador de la terna que fue propuesta, junto con las aspirantes Maricruz Ocampo y Roc\u00edo Candelaria Trejo Emeterio.<\/p>\n\n\n\n<p>Luego de tomar protesta como nuevo presidente de la DDHQ, Rascado, descart\u00f3 que tuviera una ventaja sobre los otros aspirantes a dirigir la dependencia, pues cumpli\u00f3 con cada una de las etapas y requisitos al igual que el resto, adem\u00e1s neg\u00f3 ser cercano a alg\u00fan partido pol\u00edtico.<\/p>\n\n\n\n<blockquote class=\"wp-block-quote is-layout-flow wp-block-quote-is-layout-flow\"><p>\u201cNunca he pertenecido a un partido pol\u00edtico, y la verdad es que mi trabajo ha sido institucional y as\u00ed lo vamos a seguir manteniendo\u201d, asegur\u00f3 tras reconocer la experiencia de los otros aspirantes, a los cuales podr\u00eda contactar para que se sumen a una agenda conjunta para el beneficio de todas las personas.\u00a0<\/p><\/blockquote>\n\n\n\n<p>Resalt\u00f3 que de las primeras acciones que implementar\u00e1, de acuerdo a su plan de trabajo, ser\u00e1 implementar un diagn\u00f3stico y un acercamiento con los colectivos que trabajan en la defensa de los derechos humanos, con la intenci\u00f3n de sumar su participaci\u00f3n al diagn\u00f3stico, detectar las \u00e1reas de oportunidad y la atenci\u00f3n a grupos vulnerables a trav\u00e9s de tres ejes: el fortalecimiento institucional, el de vigilancia, promoci\u00f3n y difusi\u00f3n.&nbsp;<\/p>\n\n\n\n<p>Asimismo, se\u00f1al\u00f3 que en materia de la actualizaci\u00f3n de la Ley de Derechos Humanos se propondr\u00e1n reformas legales, que se ir\u00e1n trabajando en conjunto con organizaciones y la propia legislatura, entre las que destaca el seguimiento de las recomendaciones, tema en que habr\u00e1 acompa\u00f1amiento, seguimiento, vigilancia, y recomendaciones cuando sea procedente.&nbsp;<\/p>\n\n\n\n<p>Por otro lado, Maricruz Ocampo Guerrero, quien qued\u00f3 en segundo lugar en la contienda por el cargo, dijo que buscar\u00e1 al nuevo ombudsman Javier Rascado para trabajar en conjunto a favor de reformar y proponer mejoras en los mecanismos de operatividad de esta instancia.<\/p>\n","protected":false},"excerpt":{"rendered":"<p>Esta ma\u00f1ana, la LX Legislatura eligi\u00f3, en sesi\u00f3n de Pleno, al nuevo titular de la Defensor\u00eda de los Derechos Humanos de Quer\u00e9taro (DDHQ) para el periodo del 12 de febrero &hellip; <a href=\"https:\/\/a3noticias.com.mx\/sandbox\/2022\/02\/10\/javier-rascado-nuevo-titular-de-la-ddhq\/\" class=\"more-link\">Leer m\u00e1s<\/a><\/p>\n","protected":false},"author":2,"featured_media":18810,"comment_status":"open","ping_status":"open","sticky":false,"template":"","format":"standard","meta":{"_monsterinsights_skip_tracking":false,"_monsterinsights_sitenote_active":false,"_monsterinsights_sitenote_note":"","_monsterinsights_sitenote_category":0,"footnotes":""},"categories":[2],"tags":[],"class_list":["post-18808","post","type-post","status-publish","format-standard","has-post-thumbnail","hentry","category-qro","entry"],"aioseo_notices":[],"_links":{"self":[{"href":"https:\/\/a3noticias.com.mx\/sandbox\/wp-json\/wp\/v2\/posts\/18808","targetHints":{"allow":["GET"]}}],"collection":[{"href":"https:\/\/a3noticias.com.mx\/sandbox\/wp-json\/wp\/v2\/posts"}],"about":[{"href":"https:\/\/a3noticias.com.mx\/sandbox\/wp-json\/wp\/v2\/types\/post"}],"author":[{"embeddable":true,"href":"https:\/\/a3noticias.com.mx\/sandbox\/wp-json\/wp\/v2\/users\/2"}],"replies":[{"embeddable":true,"href":"https:\/\/a3noticias.com.mx\/sandbox\/wp-json\/wp\/v2\/comments?post=18808"}],"version-history":[{"count":1,"href":"https:\/\/a3noticias.com.mx\/sandbox\/wp-json\/wp\/v2\/posts\/18808\/revisions"}],"predecessor-version":[{"id":18811,"href":"https:\/\/a3noticias.com.mx\/sandbox\/wp-json\/wp\/v2\/posts\/18808\/revisions\/18811"}],"wp:featuredmedia":[{"embeddable":true,"href":"https:\/\/a3noticias.com.mx\/sandbox\/wp-json\/wp\/v2\/media\/18810"}],"wp:attachment":[{"href":"https:\/\/a3noticias.com.mx\/sandbox\/wp-json\/wp\/v2\/media?parent=18808"}],"wp:term":[{"taxonomy":"category","embeddable":true,"href":"https:\/\/a3noticias.com.mx\/sandbox\/wp-json\/wp\/v2\/categories?post=18808"},{"taxonomy":"post_tag","embeddable":true,"href":"https:\/\/a3noticias.com.mx\/sandbox\/wp-json\/wp\/v2\/tags?post=18808"}],"curies":[{"name":"wp","href":"https:\/\/api.w.org\/{rel}","templated":true}]}}