{"id":18821,"date":"2022-02-12T10:00:00","date_gmt":"2022-02-12T16:00:00","guid":{"rendered":"https:\/\/a3noticias.com.mx\/sandbox\/?p=18821"},"modified":"2022-02-10T17:48:25","modified_gmt":"2022-02-10T23:48:25","slug":"historia-de-la-lucha-femenina-por-el-reconocimiento-al-voto","status":"publish","type":"post","link":"https:\/\/a3noticias.com.mx\/sandbox\/2022\/02\/12\/historia-de-la-lucha-femenina-por-el-reconocimiento-al-voto\/","title":{"rendered":"Historia de la lucha femenina por el derecho al voto"},"content":{"rendered":"\n<p>Un d\u00eda como hoy pero de 1947, se reconoci\u00f3 en M\u00e9xico por primera vez el derecho de las mujeres a votar y ser votadas a nivel municipal.&nbsp;<\/p>\n\n\n\n<p>Desde tiempos inmemorables han existido activistas que han luchado por hacer valer los derechos de la mujer, uno de estos tantos son la participaci\u00f3n de las mujeres en los procesos electorales, mismos que tuvieron su primer antecedente en el a\u00f1o de 1924, cuando &nbsp;el gobernador del estado de Yucat\u00e1n, Felipe Carrillo Puerto, reconoci\u00f3 el derecho de las mujeres a participar en las elecciones municipales y estatales.<\/p>\n\n\n\n<p>Sin embargo, esto tom\u00f3 forma hasta 1937, cuando el presidente L\u00e1zaro C\u00e1rdenas envi\u00f3 una iniciativa de reforma al art\u00edculo 34 constitucional, que permitir\u00eda votar a las mujeres, la cual qued\u00f3 en el aire pues exist\u00edan debates acerca de que el voto de las mujeres podr\u00eda verse influenciado por la religi\u00f3n, por lo que la declaratoria para su vigencia nunca concluy\u00f3.<\/p>\n\n\n\n<p>Fue entonces cuando una d\u00e9cada despu\u00e9s, el 12 de febrero de 1947, se reconoci\u00f3 a nivel municipal el derecho de las mujeres a votar y ser votadas, mediante el Decreto de adici\u00f3n al art\u00edculo 115 de la Constituci\u00f3n que establece que \u201cEn las elecciones municipales participar\u00e1n las mujeres, en igualdad de condici\u00f3n que los varones, con el derecho de votar y ser votadas\u201d.<\/p>\n\n\n\n<p>Posteriormente el presidente de M\u00e9xico Adolfo Ruiz Cortines, reconocer\u00eda estos mismos derechos pero a nivel federal publicando el 17 de octubre de 1953, en el Diario Oficial de la Federaci\u00f3n (DOF), un decreto donde anunciaba la promulgaci\u00f3n de las reformas constitucionales, otorgando a las mujeres el derecho a votar y ser votadas para puestos de elecci\u00f3n popular.<\/p>\n\n\n\n<p>Fue hasta el 3 de julio de 1955, cuando las mujeres mexicanas pudieron ejercer su derecho al voto por primera vez.<\/p>\n","protected":false},"excerpt":{"rendered":"<p>Un d\u00eda como hoy pero de 1947, se reconoci\u00f3 en M\u00e9xico por primera vez el derecho de las mujeres a votar y ser votadas a nivel municipal.&nbsp; Desde tiempos inmemorables &hellip; <a href=\"https:\/\/a3noticias.com.mx\/sandbox\/2022\/02\/12\/historia-de-la-lucha-femenina-por-el-reconocimiento-al-voto\/\" class=\"more-link\">Leer m\u00e1s<\/a><\/p>\n","protected":false},"author":4,"featured_media":18822,"comment_status":"open","ping_status":"open","sticky":false,"template":"","format":"standard","meta":{"_monsterinsights_skip_tracking":false,"_monsterinsights_sitenote_active":false,"_monsterinsights_sitenote_note":"","_monsterinsights_sitenote_category":0,"footnotes":""},"categories":[9],"tags":[],"class_list":["post-18821","post","type-post","status-publish","format-standard","has-post-thumbnail","hentry","category-cultura","entry"],"aioseo_notices":[],"_links":{"self":[{"href":"https:\/\/a3noticias.com.mx\/sandbox\/wp-json\/wp\/v2\/posts\/18821","targetHints":{"allow":["GET"]}}],"collection":[{"href":"https:\/\/a3noticias.com.mx\/sandbox\/wp-json\/wp\/v2\/posts"}],"about":[{"href":"https:\/\/a3noticias.com.mx\/sandbox\/wp-json\/wp\/v2\/types\/post"}],"author":[{"embeddable":true,"href":"https:\/\/a3noticias.com.mx\/sandbox\/wp-json\/wp\/v2\/users\/4"}],"replies":[{"embeddable":true,"href":"https:\/\/a3noticias.com.mx\/sandbox\/wp-json\/wp\/v2\/comments?post=18821"}],"version-history":[{"count":2,"href":"https:\/\/a3noticias.com.mx\/sandbox\/wp-json\/wp\/v2\/posts\/18821\/revisions"}],"predecessor-version":[{"id":18824,"href":"https:\/\/a3noticias.com.mx\/sandbox\/wp-json\/wp\/v2\/posts\/18821\/revisions\/18824"}],"wp:featuredmedia":[{"embeddable":true,"href":"https:\/\/a3noticias.com.mx\/sandbox\/wp-json\/wp\/v2\/media\/18822"}],"wp:attachment":[{"href":"https:\/\/a3noticias.com.mx\/sandbox\/wp-json\/wp\/v2\/media?parent=18821"}],"wp:term":[{"taxonomy":"category","embeddable":true,"href":"https:\/\/a3noticias.com.mx\/sandbox\/wp-json\/wp\/v2\/categories?post=18821"},{"taxonomy":"post_tag","embeddable":true,"href":"https:\/\/a3noticias.com.mx\/sandbox\/wp-json\/wp\/v2\/tags?post=18821"}],"curies":[{"name":"wp","href":"https:\/\/api.w.org\/{rel}","templated":true}]}}