{"id":18828,"date":"2022-02-11T09:58:15","date_gmt":"2022-02-11T15:58:15","guid":{"rendered":"https:\/\/a3noticias.com.mx\/sandbox\/?p=18828"},"modified":"2022-02-11T09:58:16","modified_gmt":"2022-02-11T15:58:16","slug":"amlo-insiste-en-que-loret-de-mola-diga-cuanto-gana-lo-llamo-mercenario-y-golpeador","status":"publish","type":"post","link":"https:\/\/a3noticias.com.mx\/sandbox\/2022\/02\/11\/amlo-insiste-en-que-loret-de-mola-diga-cuanto-gana-lo-llamo-mercenario-y-golpeador\/","title":{"rendered":"AMLO insiste en que Loret de Mola diga cu\u00e1nto gana; lo llam\u00f3 \u201cmercenario y golpeador\u00bb."},"content":{"rendered":"\n<p>El presidente de M\u00e9xico, Andr\u00e9s Manuel L\u00f3pez Obrador, en su conferencia \u2018La Ma\u00f1anera\u2019 de este viernes 11 de febrero, luego de hablar sobre la ayuda que su gobierno brinda a la gente con menos recursos, a trav\u00e9s de apoyos gubernamentales, record\u00f3 que Jesucristo \u2018fue crucificado por defender a los pobres\u2019.<\/p>\n\n\n\n<blockquote class=\"wp-block-quote is-layout-flow wp-block-quote-is-layout-flow\"><p>\u201cFue crucificado por defender a los pobres, y m\u00e1s de su tiempo, lo espiaban, lo llamaban alborotador del pueblo. No estoy inventando nada. Hasta que lo crucificaron, dio su vida por los dem\u00e1s\u201d.<\/p><\/blockquote>\n\n\n\n<p>En cuanto a la discusi\u00f3n p\u00fablica que el mandatario federal tiene con el periodista Carlos Loret de Mola, luego de que \u00e9ste dijera que s\u00ed Jos\u00e9 Ram\u00f3n dice cu\u00e1nto gana, \u00e9l tambi\u00e9n har\u00e1 p\u00fablica la informaci\u00f3n respecto a sus ingresos, AMLO se\u00f1al\u00f3 que su hijo ya \u201cest\u00e1 grande\u201d y el mismo tendr\u00eda que decirlo, por lo que \u00e9l no dar\u00e1 informaci\u00f3n de su primog\u00e9nito.<\/p>\n\n\n\n<blockquote class=\"wp-block-quote is-layout-flow wp-block-quote-is-layout-flow\"><p>\u201cJos\u00e9 Ram\u00f3n tiene 40 a\u00f1os y es independiente y no tiene que ver con el gobierno. Espero que Jos\u00e9 Ram\u00f3n conteste, ya es grande\u201d.<\/p><\/blockquote>\n\n\n\n<p>Asimismo, por tercera ma\u00f1ana consecutiva, el presidente, insisti\u00f3 en que Loret de Mola diga p\u00fablicamente cu\u00e1nto gana y lo llam\u00f3 \u201cmercenario, golpeador, en sentido estricto, ni siquiera periodista\u201d.<\/p>\n\n\n\n<p>En ese sentido de medios de comunicaci\u00f3n, el jefe del Ejecutivo federal asegur\u00f3 que no entrega \u201cchayote\u201d a medios ni canales de YouTube; esta aclaraci\u00f3n la hizo luego de que el youtuber Vicente Serrano, simpatizante de AMLO, pidi\u00f3 que dijera p\u00fablicamente que no reciben dinero de su gobierno.<\/p>\n\n\n\n<blockquote class=\"wp-block-quote is-layout-flow wp-block-quote-is-layout-flow\"><p>\u201cNosotros no repartimos \u2018chayote, nosotros no \u2018maiceamos\u2019 a nadie\u2026 Hay varios en redes sociales, que no los conozco, pero los abrazo porque defienden el proceso de transformaci\u00f3n todo los d\u00edas\u201d.<\/p><\/blockquote>\n","protected":false},"excerpt":{"rendered":"<p>El presidente de M\u00e9xico, Andr\u00e9s Manuel L\u00f3pez Obrador, en su conferencia \u2018La Ma\u00f1anera\u2019 de este viernes 11 de febrero, luego de hablar sobre la ayuda que su gobierno brinda a &hellip; <a href=\"https:\/\/a3noticias.com.mx\/sandbox\/2022\/02\/11\/amlo-insiste-en-que-loret-de-mola-diga-cuanto-gana-lo-llamo-mercenario-y-golpeador\/\" class=\"more-link\">Leer m\u00e1s<\/a><\/p>\n","protected":false},"author":2,"featured_media":18829,"comment_status":"open","ping_status":"open","sticky":false,"template":"","format":"standard","meta":{"_monsterinsights_skip_tracking":false,"_monsterinsights_sitenote_active":false,"_monsterinsights_sitenote_note":"","_monsterinsights_sitenote_category":0,"footnotes":""},"categories":[3],"tags":[],"class_list":["post-18828","post","type-post","status-publish","format-standard","has-post-thumbnail","hentry","category-nal","entry"],"aioseo_notices":[],"_links":{"self":[{"href":"https:\/\/a3noticias.com.mx\/sandbox\/wp-json\/wp\/v2\/posts\/18828","targetHints":{"allow":["GET"]}}],"collection":[{"href":"https:\/\/a3noticias.com.mx\/sandbox\/wp-json\/wp\/v2\/posts"}],"about":[{"href":"https:\/\/a3noticias.com.mx\/sandbox\/wp-json\/wp\/v2\/types\/post"}],"author":[{"embeddable":true,"href":"https:\/\/a3noticias.com.mx\/sandbox\/wp-json\/wp\/v2\/users\/2"}],"replies":[{"embeddable":true,"href":"https:\/\/a3noticias.com.mx\/sandbox\/wp-json\/wp\/v2\/comments?post=18828"}],"version-history":[{"count":1,"href":"https:\/\/a3noticias.com.mx\/sandbox\/wp-json\/wp\/v2\/posts\/18828\/revisions"}],"predecessor-version":[{"id":18830,"href":"https:\/\/a3noticias.com.mx\/sandbox\/wp-json\/wp\/v2\/posts\/18828\/revisions\/18830"}],"wp:featuredmedia":[{"embeddable":true,"href":"https:\/\/a3noticias.com.mx\/sandbox\/wp-json\/wp\/v2\/media\/18829"}],"wp:attachment":[{"href":"https:\/\/a3noticias.com.mx\/sandbox\/wp-json\/wp\/v2\/media?parent=18828"}],"wp:term":[{"taxonomy":"category","embeddable":true,"href":"https:\/\/a3noticias.com.mx\/sandbox\/wp-json\/wp\/v2\/categories?post=18828"},{"taxonomy":"post_tag","embeddable":true,"href":"https:\/\/a3noticias.com.mx\/sandbox\/wp-json\/wp\/v2\/tags?post=18828"}],"curies":[{"name":"wp","href":"https:\/\/api.w.org\/{rel}","templated":true}]}}