{"id":18831,"date":"2022-02-11T10:04:43","date_gmt":"2022-02-11T16:04:43","guid":{"rendered":"https:\/\/a3noticias.com.mx\/sandbox\/?p=18831"},"modified":"2022-02-11T10:04:45","modified_gmt":"2022-02-11T16:04:45","slug":"queretaro-tiene-nueva-imagen-turistica","status":"publish","type":"post","link":"https:\/\/a3noticias.com.mx\/sandbox\/2022\/02\/11\/queretaro-tiene-nueva-imagen-turistica\/","title":{"rendered":"Quer\u00e9taro tiene nueva imagen tur\u00edstica"},"content":{"rendered":"\n<p>Con el objetivo de atraer clientes potenciales en el rubro tur\u00edstico, as\u00ed como de posicionar al turismo queretano como referente de adaptabilidad, promoci\u00f3n y digitalizaci\u00f3n, el gobernador del estado, Mauricio Kuri, llev\u00f3 a cabo la presentaci\u00f3n del nuevo Distintivo de Promoci\u00f3n Tur\u00edstica de Quer\u00e9taro.<\/p>\n\n\n\n<blockquote class=\"wp-block-quote is-layout-flow wp-block-quote-is-layout-flow\"><p>\u201cEl distintivo de promoci\u00f3n tur\u00edstica del estado, que hoy presentamos, responde a este prop\u00f3sito: llevar a Quer\u00e9taro a M\u00e9xico y al mundo, mediante una estrategia integral que nos posicione como el destino inspirador, sorprendente, excitante y memorable que somos\u201d, acot\u00f3.<\/p><\/blockquote>\n\n\n\n<p>El nuevo distintivo lleva como slogan \u201cQuer\u00e9taro. Y entonces, encontr\u00e9 M\u00e9xico\u201d, y busca reflejar lo que significa la entidad: \u201cun sue\u00f1o mexicano, una historia de oportunidades; el M\u00e9xico bonito que todos presumen y la historia que cada persona escribe en el estado\u201d, detall\u00f3 la secretaria de Turismo estatal, Mariela Mor\u00e1n Ocampo.<\/p>\n\n\n\n<p>La titular de la Secretar\u00eda de Turismo en el estado, destac\u00f3 que para el dise\u00f1o del nuevo distintivo se realizaron estudios para conocer los gustos, necesidades y preferencias de los principales mercados tur\u00edsticos y que adem\u00e1s, est\u00e1 inspirado en la est\u00e9tica de historia, colores, tipograf\u00edas, bordados, tonos y matices del estado.<\/p>\n\n\n\n<blockquote class=\"wp-block-quote is-layout-flow wp-block-quote-is-layout-flow\"><p>\u201cEs tiempo de contar historias. De las que m\u00e1s se quieren y m\u00e1s se necesitan. De las que valen la pena contarse. De las que trascienden y nos hacen sentir orgullosos. Los invito a que juntos contemos al mundo entero esta nueva gran historia: Quer\u00e9taro. Y entonces, encontraremos M\u00e9xico\u201d, resalt\u00f3.<\/p><\/blockquote>\n\n\n\n<p>Adem\u00e1s, en el evento se destac\u00f3 la realizaci\u00f3n de un portal web enfocado en ventas, <a href=\"http:\/\/www.queretaro.travel\">www.queretaro.travel<\/a>, el cual estar\u00e1 en constante actualizaci\u00f3n y permitir\u00e1 a proveedores del sector tur\u00edstico ofrecer sus servicios con el fin de dar a conocer al mundo la diversidad tur\u00edstica, gastron\u00f3mica y de servicios que oferta el estado, para atraer viajeros potenciales permiti\u00e9ndoles planear su viaje, reservar y compartir su experiencia a trav\u00e9s de las redes sociales.<\/p>\n\n\n\n<figure class=\"wp-block-image size-large is-resized\"><img loading=\"lazy\" decoding=\"async\" src=\"https:\/\/a3noticias.com.mx\/sandbox\/wp-content\/uploads\/2022\/02\/71_273_35349_2089661309_10_02_PRESENTACION_DISTINTIVO_TURISTICO_QRO_10-135x90.jpg\" alt=\"\" class=\"wp-image-18833\" width=\"596\" height=\"397\" srcset=\"https:\/\/a3noticias.com.mx\/sandbox\/wp-content\/uploads\/2022\/02\/71_273_35349_2089661309_10_02_PRESENTACION_DISTINTIVO_TURISTICO_QRO_10-135x90.jpg 135w, https:\/\/a3noticias.com.mx\/sandbox\/wp-content\/uploads\/2022\/02\/71_273_35349_2089661309_10_02_PRESENTACION_DISTINTIVO_TURISTICO_QRO_10-300x200.jpg 300w, https:\/\/a3noticias.com.mx\/sandbox\/wp-content\/uploads\/2022\/02\/71_273_35349_2089661309_10_02_PRESENTACION_DISTINTIVO_TURISTICO_QRO_10-768x512.jpg 768w, https:\/\/a3noticias.com.mx\/sandbox\/wp-content\/uploads\/2022\/02\/71_273_35349_2089661309_10_02_PRESENTACION_DISTINTIVO_TURISTICO_QRO_10-1536x1024.jpg 1536w, https:\/\/a3noticias.com.mx\/sandbox\/wp-content\/uploads\/2022\/02\/71_273_35349_2089661309_10_02_PRESENTACION_DISTINTIVO_TURISTICO_QRO_10.jpg 2000w\" sizes=\"auto, (max-width: 596px) 100vw, 596px\" \/><\/figure>\n","protected":false},"excerpt":{"rendered":"<p>Con el objetivo de atraer clientes potenciales en el rubro tur\u00edstico, as\u00ed como de posicionar al turismo queretano como referente de adaptabilidad, promoci\u00f3n y digitalizaci\u00f3n, el gobernador del estado, Mauricio &hellip; <a href=\"https:\/\/a3noticias.com.mx\/sandbox\/2022\/02\/11\/queretaro-tiene-nueva-imagen-turistica\/\" class=\"more-link\">Leer m\u00e1s<\/a><\/p>\n","protected":false},"author":4,"featured_media":18832,"comment_status":"open","ping_status":"open","sticky":false,"template":"","format":"standard","meta":{"_monsterinsights_skip_tracking":false,"_monsterinsights_sitenote_active":false,"_monsterinsights_sitenote_note":"","_monsterinsights_sitenote_category":0,"footnotes":""},"categories":[2],"tags":[],"class_list":["post-18831","post","type-post","status-publish","format-standard","has-post-thumbnail","hentry","category-qro","entry"],"aioseo_notices":[],"_links":{"self":[{"href":"https:\/\/a3noticias.com.mx\/sandbox\/wp-json\/wp\/v2\/posts\/18831","targetHints":{"allow":["GET"]}}],"collection":[{"href":"https:\/\/a3noticias.com.mx\/sandbox\/wp-json\/wp\/v2\/posts"}],"about":[{"href":"https:\/\/a3noticias.com.mx\/sandbox\/wp-json\/wp\/v2\/types\/post"}],"author":[{"embeddable":true,"href":"https:\/\/a3noticias.com.mx\/sandbox\/wp-json\/wp\/v2\/users\/4"}],"replies":[{"embeddable":true,"href":"https:\/\/a3noticias.com.mx\/sandbox\/wp-json\/wp\/v2\/comments?post=18831"}],"version-history":[{"count":1,"href":"https:\/\/a3noticias.com.mx\/sandbox\/wp-json\/wp\/v2\/posts\/18831\/revisions"}],"predecessor-version":[{"id":18834,"href":"https:\/\/a3noticias.com.mx\/sandbox\/wp-json\/wp\/v2\/posts\/18831\/revisions\/18834"}],"wp:featuredmedia":[{"embeddable":true,"href":"https:\/\/a3noticias.com.mx\/sandbox\/wp-json\/wp\/v2\/media\/18832"}],"wp:attachment":[{"href":"https:\/\/a3noticias.com.mx\/sandbox\/wp-json\/wp\/v2\/media?parent=18831"}],"wp:term":[{"taxonomy":"category","embeddable":true,"href":"https:\/\/a3noticias.com.mx\/sandbox\/wp-json\/wp\/v2\/categories?post=18831"},{"taxonomy":"post_tag","embeddable":true,"href":"https:\/\/a3noticias.com.mx\/sandbox\/wp-json\/wp\/v2\/tags?post=18831"}],"curies":[{"name":"wp","href":"https:\/\/api.w.org\/{rel}","templated":true}]}}