{"id":18835,"date":"2022-02-11T10:43:16","date_gmt":"2022-02-11T16:43:16","guid":{"rendered":"https:\/\/a3noticias.com.mx\/sandbox\/?p=18835"},"modified":"2022-02-11T10:43:19","modified_gmt":"2022-02-11T16:43:19","slug":"en-queretaro-son-39-personas-las-que-duermen-en-via-publica","status":"publish","type":"post","link":"https:\/\/a3noticias.com.mx\/sandbox\/2022\/02\/11\/en-queretaro-son-39-personas-las-que-duermen-en-via-publica\/","title":{"rendered":"En Quer\u00e9taro son 39 personas las que duermen en v\u00eda p\u00fablica."},"content":{"rendered":"\n<p>De acuerdo a informaci\u00f3n del coordinador municipal de Protecci\u00f3n Civil, Francisco Ram\u00edrez Santana, son 39 personas las que pasan la noche en la v\u00eda p\u00fablica de la capital queretana.&nbsp;<\/p>\n\n\n\n<p>En este sentido, con el paso del frente fr\u00edo n\u00famero 28, en Quer\u00e9taro las temperaturas han bajado notoriamente, mismas que de acuerdo con Protecci\u00f3n Civil, empeorar\u00e1n esta semana, llegando en algunas partes del estado, hasta los -9 grados cent\u00edgrados.<\/p>\n\n\n\n<p>Ante este panorama, las personas en situaci\u00f3n de calle ser\u00edan quienes m\u00e1s podr\u00edan resultar afectados, Ram\u00edrez Santana se\u00f1al\u00f3 que en los recorridos se les brindan cobijas y asistencia m\u00e9dica.<\/p>\n\n\n\n<p>El director asegur\u00f3 que la Coordinaci\u00f3n no ha atendido ninguna situaci\u00f3n m\u00e9dica mayor entre las personas en condici\u00f3n de calle.<\/p>\n\n\n\n<p>Por su parte, Cristina Santoyo, una mujer en situaci\u00f3n de calle, quien regularmente pernocta en el albergue del Jard\u00edn Guerrero, dijo que debido a estos cambios de temperatura mucha gente en su misma situaci\u00f3n est\u00e1 falleciendo.&nbsp;<\/p>\n\n\n\n<blockquote class=\"wp-block-quote is-layout-flow wp-block-quote-is-layout-flow\"><p>\u201cPara nosotros las ma\u00f1anas salir del albergue es muy helado, muy fr\u00edo a las 6 y media de la ma\u00f1ana y venirnos aqu\u00ed a lugares donde no hay d\u00f3nde cubrirse uno del fr\u00edo y a veces no trae uno ni una chamarra, ni un su\u00e9ter, los cambios se est\u00e1n llevando a mucho indigente por lo mismo que ya es demasiado el fr\u00edo\u201d.\u00a0<\/p><\/blockquote>\n","protected":false},"excerpt":{"rendered":"<p>De acuerdo a informaci\u00f3n del coordinador municipal de Protecci\u00f3n Civil, Francisco Ram\u00edrez Santana, son 39 personas las que pasan la noche en la v\u00eda p\u00fablica de la capital queretana.&nbsp; En &hellip; <a href=\"https:\/\/a3noticias.com.mx\/sandbox\/2022\/02\/11\/en-queretaro-son-39-personas-las-que-duermen-en-via-publica\/\" class=\"more-link\">Leer m\u00e1s<\/a><\/p>\n","protected":false},"author":2,"featured_media":18836,"comment_status":"open","ping_status":"open","sticky":false,"template":"","format":"standard","meta":{"_monsterinsights_skip_tracking":false,"_monsterinsights_sitenote_active":false,"_monsterinsights_sitenote_note":"","_monsterinsights_sitenote_category":0,"footnotes":""},"categories":[2],"tags":[],"class_list":["post-18835","post","type-post","status-publish","format-standard","has-post-thumbnail","hentry","category-qro","entry"],"aioseo_notices":[],"_links":{"self":[{"href":"https:\/\/a3noticias.com.mx\/sandbox\/wp-json\/wp\/v2\/posts\/18835","targetHints":{"allow":["GET"]}}],"collection":[{"href":"https:\/\/a3noticias.com.mx\/sandbox\/wp-json\/wp\/v2\/posts"}],"about":[{"href":"https:\/\/a3noticias.com.mx\/sandbox\/wp-json\/wp\/v2\/types\/post"}],"author":[{"embeddable":true,"href":"https:\/\/a3noticias.com.mx\/sandbox\/wp-json\/wp\/v2\/users\/2"}],"replies":[{"embeddable":true,"href":"https:\/\/a3noticias.com.mx\/sandbox\/wp-json\/wp\/v2\/comments?post=18835"}],"version-history":[{"count":1,"href":"https:\/\/a3noticias.com.mx\/sandbox\/wp-json\/wp\/v2\/posts\/18835\/revisions"}],"predecessor-version":[{"id":18837,"href":"https:\/\/a3noticias.com.mx\/sandbox\/wp-json\/wp\/v2\/posts\/18835\/revisions\/18837"}],"wp:featuredmedia":[{"embeddable":true,"href":"https:\/\/a3noticias.com.mx\/sandbox\/wp-json\/wp\/v2\/media\/18836"}],"wp:attachment":[{"href":"https:\/\/a3noticias.com.mx\/sandbox\/wp-json\/wp\/v2\/media?parent=18835"}],"wp:term":[{"taxonomy":"category","embeddable":true,"href":"https:\/\/a3noticias.com.mx\/sandbox\/wp-json\/wp\/v2\/categories?post=18835"},{"taxonomy":"post_tag","embeddable":true,"href":"https:\/\/a3noticias.com.mx\/sandbox\/wp-json\/wp\/v2\/tags?post=18835"}],"curies":[{"name":"wp","href":"https:\/\/api.w.org\/{rel}","templated":true}]}}