{"id":18842,"date":"2022-02-11T11:44:27","date_gmt":"2022-02-11T17:44:27","guid":{"rendered":"https:\/\/a3noticias.com.mx\/sandbox\/?p=18842"},"modified":"2022-02-11T13:16:49","modified_gmt":"2022-02-11T19:16:49","slug":"gobierno-federal-retomara-solicitud-de-decretar-como-area-natural-protegida-a-pena-colorada","status":"publish","type":"post","link":"https:\/\/a3noticias.com.mx\/sandbox\/2022\/02\/11\/gobierno-federal-retomara-solicitud-de-decretar-como-area-natural-protegida-a-pena-colorada\/","title":{"rendered":"Gobierno federal retomar\u00e1 solicitud de decretar como \u00e1rea natural protegida a Pe\u00f1a Colorada"},"content":{"rendered":"\n<p>Este jueves durante la conferencia matutina, el presidente de la Rep\u00fablica Andr\u00e9s Manuel L\u00f3pez Obrador, reiter\u00f3 su compromiso de proteger las \u00e1reas naturales del pa\u00eds, entre las que se se prev\u00e9 dar seguimiento a la solicitud de la administraci\u00f3n estatal anterior de decretar como \u00e1rea natural protegida a Pe\u00f1a Colorada, por lo que refiri\u00f3 que se pedir\u00e1 un informe a la titular de la Secretar\u00eda de Medio Ambiente y Recursos Naturales (Semarnat), Mar\u00eda Luisa Albores.<\/p>\n\n\n\n<p>El mandatario federal report\u00f3 que la petici\u00f3n se realiz\u00f3 en 2018, por el el exgobernador de Quer\u00e9taro, Francisco Dom\u00ednguez Servi\u00e9n,&nbsp;proyecto que se ven\u00eda trabajando desde el mandato del entonces gobernador del estado Jos\u00e9 Calzada Rovisora, pero al cambio de gobierno estatal se reinici\u00f3 el proceso, del cual no se logr\u00f3 la declaratoria antes de que terminara el periodo de Dom\u00ednguez Servi\u00e9n, en octubre de 2021.&nbsp;<\/p>\n\n\n\n<p>Para agosto de 2019, AMLO inform\u00f3 que se estaba analizando convertir a pe\u00f1a colorada en \u00e1rea natural protegida. Sin embargo, hasta el d\u00eda de ayer confirm\u00f3 que se dar\u00e1 seguimiento a la solicitud, pues el proyecto de decreto est\u00e1 en dictaminaci\u00f3n jur\u00eddica en la Unidad Coordinadora de asuntos jur\u00eddicos de la Semarnat, por lo cual solicitar\u00e1 el informe a dicha dependencia a fin de conocer su situaci\u00f3n.<\/p>\n\n\n\n<blockquote class=\"wp-block-quote is-layout-flow wp-block-quote-is-layout-flow\"><p>\u201cDesde el anterior gobierno estatal nos lo plantearon, es algo parecido a lo que se llev\u00f3 a cabo en San Luis Potos\u00ed, en la Sierra de San Miguelito, algo parecido, hay que seguir protegiendo las \u00e1reas verdes, los bosques y el medio ambiente, y lo vamos hacer y le vamos a pedir un informe a la secretar\u00eda del medio ambiente\u201d, se\u00f1al\u00f3.<\/p><\/blockquote>\n\n\n\n<p>Al respecto, kuri Gonz\u00e1lez se\u00f1al\u00f3 que el gobierno federal contar\u00e1 con el aval del gobierno estatal para dar continuidad a la declaratoria.<\/p>\n\n\n\n<p>Pe\u00f1a Colorada es un \u00e1rea natural de casi 5 mil hect\u00e1reas, ubicada entre los municipios de Quer\u00e9taro (69 por ciento del territorio referido)&nbsp;y El Marqu\u00e9s (31 por ciento), zona que busca proteger su flora y fauna, pues es altamente codiciada por desarrolladores inmobiliarios, que dada la falta de protecci\u00f3n, los ayuntamientos han otorgado cambios de uso de suelo a favor de empresas dedicadas a este sector.<\/p>\n","protected":false},"excerpt":{"rendered":"<p>Este jueves durante la conferencia matutina, el presidente de la Rep\u00fablica Andr\u00e9s Manuel L\u00f3pez Obrador, reiter\u00f3 su compromiso de proteger las \u00e1reas naturales del pa\u00eds, entre las que se se &hellip; <a href=\"https:\/\/a3noticias.com.mx\/sandbox\/2022\/02\/11\/gobierno-federal-retomara-solicitud-de-decretar-como-area-natural-protegida-a-pena-colorada\/\" class=\"more-link\">Leer m\u00e1s<\/a><\/p>\n","protected":false},"author":4,"featured_media":18850,"comment_status":"open","ping_status":"open","sticky":false,"template":"","format":"standard","meta":{"_monsterinsights_skip_tracking":false,"_monsterinsights_sitenote_active":false,"_monsterinsights_sitenote_note":"","_monsterinsights_sitenote_category":0,"footnotes":""},"categories":[3],"tags":[],"class_list":["post-18842","post","type-post","status-publish","format-standard","has-post-thumbnail","hentry","category-nal","entry"],"aioseo_notices":[],"_links":{"self":[{"href":"https:\/\/a3noticias.com.mx\/sandbox\/wp-json\/wp\/v2\/posts\/18842","targetHints":{"allow":["GET"]}}],"collection":[{"href":"https:\/\/a3noticias.com.mx\/sandbox\/wp-json\/wp\/v2\/posts"}],"about":[{"href":"https:\/\/a3noticias.com.mx\/sandbox\/wp-json\/wp\/v2\/types\/post"}],"author":[{"embeddable":true,"href":"https:\/\/a3noticias.com.mx\/sandbox\/wp-json\/wp\/v2\/users\/4"}],"replies":[{"embeddable":true,"href":"https:\/\/a3noticias.com.mx\/sandbox\/wp-json\/wp\/v2\/comments?post=18842"}],"version-history":[{"count":1,"href":"https:\/\/a3noticias.com.mx\/sandbox\/wp-json\/wp\/v2\/posts\/18842\/revisions"}],"predecessor-version":[{"id":18844,"href":"https:\/\/a3noticias.com.mx\/sandbox\/wp-json\/wp\/v2\/posts\/18842\/revisions\/18844"}],"wp:featuredmedia":[{"embeddable":true,"href":"https:\/\/a3noticias.com.mx\/sandbox\/wp-json\/wp\/v2\/media\/18850"}],"wp:attachment":[{"href":"https:\/\/a3noticias.com.mx\/sandbox\/wp-json\/wp\/v2\/media?parent=18842"}],"wp:term":[{"taxonomy":"category","embeddable":true,"href":"https:\/\/a3noticias.com.mx\/sandbox\/wp-json\/wp\/v2\/categories?post=18842"},{"taxonomy":"post_tag","embeddable":true,"href":"https:\/\/a3noticias.com.mx\/sandbox\/wp-json\/wp\/v2\/tags?post=18842"}],"curies":[{"name":"wp","href":"https:\/\/api.w.org\/{rel}","templated":true}]}}