{"id":18851,"date":"2022-02-12T12:00:00","date_gmt":"2022-02-12T18:00:00","guid":{"rendered":"https:\/\/a3noticias.com.mx\/sandbox\/?p=18851"},"modified":"2022-02-11T14:43:04","modified_gmt":"2022-02-11T20:43:04","slug":"la-fiesta-de-los-papalotes-regresa-a-tequisquiapan","status":"publish","type":"post","link":"https:\/\/a3noticias.com.mx\/sandbox\/2022\/02\/12\/la-fiesta-de-los-papalotes-regresa-a-tequisquiapan\/","title":{"rendered":"La Fiesta de los papalotes regresa a Tequisquiapan"},"content":{"rendered":"\n<p>Luego de suspenderse a causa de la pandemia, este a\u00f1o regresa la Fiesta de los Papalotes a Tequisquiapan, donde grandes y chicos podr\u00e1n disfrutar de diversas y entretenidas actividades.<\/p>\n\n\n\n<p>La cita es el pr\u00f3ximo 5 y 6, 12 y 13 de marzo en la Cava de Quesos Bocanegra, a partir de las 11 de la ma\u00f1ana y hasta las 6 de la tarde.&nbsp;<\/p>\n\n\n\n<p>En el evento se podr\u00e1n realizar divertidas actividades familiares ya que habr\u00e1 talleres de elaboraci\u00f3n de papalotes, as\u00ed como vuelo de papalotes gigantes, adem\u00e1s de que habr\u00e1 programa de entretenimiento para ni\u00f1os, m\u00fasica en vivo y \u00e1rea gastron\u00f3mica.<\/p>\n\n\n\n<p>Tambi\u00e9n podr\u00e1s llevar a tu mascota, pues la Feria est\u00e1 anunciada como Petfriendly.<\/p>\n\n\n\n<div class=\"wp-block-image\"><figure class=\"aligncenter size-large is-resized\"><img loading=\"lazy\" decoding=\"async\" src=\"https:\/\/a3noticias.com.mx\/sandbox\/wp-content\/uploads\/2022\/02\/273207937_3849890755235016_8347162802997371059_n-60x90.jpeg\" alt=\"\" class=\"wp-image-18852\" width=\"425\" height=\"638\" srcset=\"https:\/\/a3noticias.com.mx\/sandbox\/wp-content\/uploads\/2022\/02\/273207937_3849890755235016_8347162802997371059_n-60x90.jpeg 60w, https:\/\/a3noticias.com.mx\/sandbox\/wp-content\/uploads\/2022\/02\/273207937_3849890755235016_8347162802997371059_n-199x300.jpeg 199w\" sizes=\"auto, (max-width: 425px) 100vw, 425px\" \/><\/figure><\/div>\n\n\n\n<p><\/p>\n","protected":false},"excerpt":{"rendered":"<p>Luego de suspenderse a causa de la pandemia, este a\u00f1o regresa la Fiesta de los Papalotes a Tequisquiapan, donde grandes y chicos podr\u00e1n disfrutar de diversas y entretenidas actividades. La &hellip; <a href=\"https:\/\/a3noticias.com.mx\/sandbox\/2022\/02\/12\/la-fiesta-de-los-papalotes-regresa-a-tequisquiapan\/\" class=\"more-link\">Leer m\u00e1s<\/a><\/p>\n","protected":false},"author":4,"featured_media":18854,"comment_status":"open","ping_status":"open","sticky":false,"template":"","format":"standard","meta":{"_monsterinsights_skip_tracking":false,"_monsterinsights_sitenote_active":false,"_monsterinsights_sitenote_note":"","_monsterinsights_sitenote_category":0,"footnotes":""},"categories":[1],"tags":[],"class_list":["post-18851","post","type-post","status-publish","format-standard","has-post-thumbnail","hentry","category-uncategorized","entry"],"aioseo_notices":[],"_links":{"self":[{"href":"https:\/\/a3noticias.com.mx\/sandbox\/wp-json\/wp\/v2\/posts\/18851","targetHints":{"allow":["GET"]}}],"collection":[{"href":"https:\/\/a3noticias.com.mx\/sandbox\/wp-json\/wp\/v2\/posts"}],"about":[{"href":"https:\/\/a3noticias.com.mx\/sandbox\/wp-json\/wp\/v2\/types\/post"}],"author":[{"embeddable":true,"href":"https:\/\/a3noticias.com.mx\/sandbox\/wp-json\/wp\/v2\/users\/4"}],"replies":[{"embeddable":true,"href":"https:\/\/a3noticias.com.mx\/sandbox\/wp-json\/wp\/v2\/comments?post=18851"}],"version-history":[{"count":1,"href":"https:\/\/a3noticias.com.mx\/sandbox\/wp-json\/wp\/v2\/posts\/18851\/revisions"}],"predecessor-version":[{"id":18855,"href":"https:\/\/a3noticias.com.mx\/sandbox\/wp-json\/wp\/v2\/posts\/18851\/revisions\/18855"}],"wp:featuredmedia":[{"embeddable":true,"href":"https:\/\/a3noticias.com.mx\/sandbox\/wp-json\/wp\/v2\/media\/18854"}],"wp:attachment":[{"href":"https:\/\/a3noticias.com.mx\/sandbox\/wp-json\/wp\/v2\/media?parent=18851"}],"wp:term":[{"taxonomy":"category","embeddable":true,"href":"https:\/\/a3noticias.com.mx\/sandbox\/wp-json\/wp\/v2\/categories?post=18851"},{"taxonomy":"post_tag","embeddable":true,"href":"https:\/\/a3noticias.com.mx\/sandbox\/wp-json\/wp\/v2\/tags?post=18851"}],"curies":[{"name":"wp","href":"https:\/\/api.w.org\/{rel}","templated":true}]}}