{"id":18868,"date":"2022-02-13T11:00:00","date_gmt":"2022-02-13T17:00:00","guid":{"rendered":"https:\/\/a3noticias.com.mx\/sandbox\/?p=18868"},"modified":"2022-02-11T17:50:21","modified_gmt":"2022-02-11T23:50:21","slug":"convocan-a-artistas-queretanos-a-participar-en-primera-edicion-del-festival-queretaro-experimental","status":"publish","type":"post","link":"https:\/\/a3noticias.com.mx\/sandbox\/2022\/02\/13\/convocan-a-artistas-queretanos-a-participar-en-primera-edicion-del-festival-queretaro-experimental\/","title":{"rendered":"Convocan a artistas queretanos a participar en Primera edici\u00f3n del Festival Quer\u00e9taro Experimental"},"content":{"rendered":"\n<p>El Comit\u00e9 organizador del\u00a0Festival Quer\u00e9taro Experimental, lanz\u00f3 la convocatoria para artistas esc\u00e9nicos\u00a0que realicen espect\u00e1culos musicales, de danza, teatro y multidisciplinas, para que formen parte de la primera edici\u00f3n de este festival, donde presentar\u00e1n su trabajo en las principales plazas y andadores del\u00a0Centro Hist\u00f3rico de la entidad.<\/p>\n\n\n\n<p>El Festival tiene como objetivo difundir las artes esc\u00e9nicas locales a nivel nacional e internacional, ofreciendo a los artistas espacios para la presentaci\u00f3n de sus propuestas, as\u00ed como a turistas y locales entretenimiento a trav\u00e9s de funciones en los andadores y plazas p\u00fablicas del primer cuadro de la ciudad.<\/p>\n\n\n\n<p>En la convocatoria podr\u00e1n participar artistas solistas o en grupo que ya cuenten con un espect\u00e1culo montado para todo tipo de p\u00fablico, con una duraci\u00f3n m\u00ednima de treinta minutos.<\/p>\n\n\n\n<p>Los interesados deber\u00e1n llenar el formulario: <a href=\"https:\/\/bit.Iy\/QroExp\">https:\/\/bit.Iy\/QroExp<\/a> y enviar al correo electr\u00f3nico <a href=\"mailto:maria.macgregor@municipiodequeretaro.gob.mx\">maria.macgregor@municipiodequeretaro.gob.mx<\/a> un video de la presentaci\u00f3n sin edici\u00f3n y al menos dos fotograf\u00edas en alta resoluci\u00f3n, asimismo, deber\u00e1n presentar la documentaci\u00f3n solicitada en la convocatoria con fecha l\u00edmite al 18 de marzo.<\/p>\n\n\n\n<p>Quienes resulten seleccionados ser\u00e1n avisados por el Comit\u00e9 Organizador el 4 de abril, a trav\u00e9s de una invitaci\u00f3n v\u00eda correo electr\u00f3nico.<\/p>\n\n\n\n<div class=\"wp-block-image\"><figure class=\"aligncenter size-large is-resized\"><img loading=\"lazy\" decoding=\"async\" src=\"https:\/\/a3noticias.com.mx\/sandbox\/wp-content\/uploads\/2022\/02\/convoc-58x90.jpeg\" alt=\"\" class=\"wp-image-18869\" width=\"455\" height=\"706\" srcset=\"https:\/\/a3noticias.com.mx\/sandbox\/wp-content\/uploads\/2022\/02\/convoc-58x90.jpeg 58w, https:\/\/a3noticias.com.mx\/sandbox\/wp-content\/uploads\/2022\/02\/convoc-194x300.jpeg 194w\" sizes=\"auto, (max-width: 455px) 100vw, 455px\" \/><\/figure><\/div>\n","protected":false},"excerpt":{"rendered":"<p>El Comit\u00e9 organizador del\u00a0Festival Quer\u00e9taro Experimental, lanz\u00f3 la convocatoria para artistas esc\u00e9nicos\u00a0que realicen espect\u00e1culos musicales, de danza, teatro y multidisciplinas, para que formen parte de la primera edici\u00f3n de este &hellip; <a href=\"https:\/\/a3noticias.com.mx\/sandbox\/2022\/02\/13\/convocan-a-artistas-queretanos-a-participar-en-primera-edicion-del-festival-queretaro-experimental\/\" class=\"more-link\">Leer m\u00e1s<\/a><\/p>\n","protected":false},"author":4,"featured_media":18870,"comment_status":"open","ping_status":"open","sticky":false,"template":"","format":"standard","meta":{"_monsterinsights_skip_tracking":false,"_monsterinsights_sitenote_active":false,"_monsterinsights_sitenote_note":"","_monsterinsights_sitenote_category":0,"footnotes":""},"categories":[9],"tags":[],"class_list":["post-18868","post","type-post","status-publish","format-standard","has-post-thumbnail","hentry","category-cultura","entry"],"aioseo_notices":[],"_links":{"self":[{"href":"https:\/\/a3noticias.com.mx\/sandbox\/wp-json\/wp\/v2\/posts\/18868","targetHints":{"allow":["GET"]}}],"collection":[{"href":"https:\/\/a3noticias.com.mx\/sandbox\/wp-json\/wp\/v2\/posts"}],"about":[{"href":"https:\/\/a3noticias.com.mx\/sandbox\/wp-json\/wp\/v2\/types\/post"}],"author":[{"embeddable":true,"href":"https:\/\/a3noticias.com.mx\/sandbox\/wp-json\/wp\/v2\/users\/4"}],"replies":[{"embeddable":true,"href":"https:\/\/a3noticias.com.mx\/sandbox\/wp-json\/wp\/v2\/comments?post=18868"}],"version-history":[{"count":2,"href":"https:\/\/a3noticias.com.mx\/sandbox\/wp-json\/wp\/v2\/posts\/18868\/revisions"}],"predecessor-version":[{"id":18875,"href":"https:\/\/a3noticias.com.mx\/sandbox\/wp-json\/wp\/v2\/posts\/18868\/revisions\/18875"}],"wp:featuredmedia":[{"embeddable":true,"href":"https:\/\/a3noticias.com.mx\/sandbox\/wp-json\/wp\/v2\/media\/18870"}],"wp:attachment":[{"href":"https:\/\/a3noticias.com.mx\/sandbox\/wp-json\/wp\/v2\/media?parent=18868"}],"wp:term":[{"taxonomy":"category","embeddable":true,"href":"https:\/\/a3noticias.com.mx\/sandbox\/wp-json\/wp\/v2\/categories?post=18868"},{"taxonomy":"post_tag","embeddable":true,"href":"https:\/\/a3noticias.com.mx\/sandbox\/wp-json\/wp\/v2\/tags?post=18868"}],"curies":[{"name":"wp","href":"https:\/\/api.w.org\/{rel}","templated":true}]}}