{"id":18885,"date":"2022-02-14T09:55:16","date_gmt":"2022-02-14T15:55:16","guid":{"rendered":"https:\/\/a3noticias.com.mx\/sandbox\/?p=18885"},"modified":"2022-02-14T09:55:18","modified_gmt":"2022-02-14T15:55:18","slug":"defensa-de-anaya-cortes-llega-a-audiencia-sin-ex-candidato-presidencial","status":"publish","type":"post","link":"https:\/\/a3noticias.com.mx\/sandbox\/2022\/02\/14\/defensa-de-anaya-cortes-llega-a-audiencia-sin-ex-candidato-presidencial\/","title":{"rendered":"Defensa de Anaya Cort\u00e9s llega a audiencia sin ex candidato presidencial."},"content":{"rendered":"\n<p>El excandidato a la presidencia de M\u00e9xico, por el Partido Acci\u00f3n Nacional (PAN), Ricardo Anaya Cort\u00e9s, pidi\u00f3 a la Fiscal\u00eda General de la Rep\u00fablica (FGR que desista de la acusaci\u00f3n en su contra por el soborno de 6 millones 800 mil pesos, los cuales supuestamente recibi\u00f3 corruptamente en el caso Odebrecht, pues asegura que los se\u00f1alamientos de Emilio Lozoya en su contra son absurdos e incongruentes, sin embargo la FGR rechaz\u00f3 su petici\u00f3n.<\/p>\n\n\n\n<p>\u201cVengo a requerirle se desista de la acci\u00f3n penal ejercida en contra de mi representado ante el juez de Control en turno del Centro de Justicia Penal Federal en la Ciudad de M\u00e9xico con sede en el reclusorio Norte dentro de la causa penal 16\/2021, as\u00ed como determinar el no ejercicio de la acci\u00f3n penal dentro de la carpeta de investigaci\u00f3n en la que promuevo, ya que los hechos delictivos por los que se pretende formular imputaci\u00f3n y vincular a proceso a mi representado jam\u00e1s ocurrieron y mi representado no cometi\u00f3 delito alguno\u201d.<\/p>\n\n\n\n<p>Fueron 12 los puntos que la defensa legal del panista enlist\u00f3 para desmentir la acusaci\u00f3n de operaciones con recursos de procedencia il\u00edcita, asociaci\u00f3n delictuosa y cohecho. Varios de estos argumentos fueron desarrollados por el mismo Anaya en sus video columnas semanales publicadas en las redes sociales, entre ellos la fecha y lugar de la supuesta entrega, as\u00ed como el cargo de la persona que supuestamente entreg\u00f3 en dinero en la C\u00e1mara de Diputados.<\/p>\n\n\n\n<p>Sin embargo, como mencionamos anteriormente, la FGR asegur\u00f3 que la solicitud de desistimiento era improcedente, pues hay pruebas que establecer\u00edan la comisi\u00f3n de hechos que podr\u00edan ser considerados como delito, y que probablemente Ricardo Anaya cometi\u00f3.<\/p>\n\n\n\n<p>Por lo anterior, el panista no podr\u00eda saltarse la audiencia que se llev\u00f3 a cabo hoy, 14 de febrero, donde debi\u00f3 asistir de manera presencial, sin embargo de acuerdo con informaci\u00f3n hasta, el momento no lo hizo. <\/p>\n\n\n\n<p>Esta audiencia puede cancelarse por quinta ocasi\u00f3n debido a que el ex candidato presidencial cambi\u00f3 de abogado, lo que permite a la defensa solicitar tiempo para conocer el expediente.<\/p>\n\n\n\n<p>El abogado Eduardo Aguilar Sierra, quien acompa\u00f1\u00f3 a Anaya desde el inicio del litigio, fue sustituido por Jacinto Herrera Serrallonga, quien tiene la opci\u00f3n de solicitar tiempo para revisar el caso.<\/p>\n\n\n\n<p>Al no participar en la audiencia Ricardo Anaya, la FGR podr\u00e1 hacer uso de otros medios para hacerlo comparecer, entre ellos, solicitar una orden de aprehensi\u00f3n. Hasta hoy no se tiene conocimiento si el panista se encuentra en el pa\u00eds. Lo \u00faltimo que se sab\u00eda de su paradero, es que abandon\u00f3 M\u00e9xico en julio del a\u00f1o pasado para ingresar a Estados Unidos. <\/p>\n\n\n\n<p>Los delitos que se le imputar\u00e1n no ameritan prisi\u00f3n preventiva oficiosa, pero por su capacidad econ\u00f3mica el Ministerio P\u00fablico Federal solicitar\u00e1 que se imponga la medida cautelar de prisi\u00f3n preventiva justificada, ante el riesgo fundado de fuga.<\/p>\n","protected":false},"excerpt":{"rendered":"<p>El excandidato a la presidencia de M\u00e9xico, por el Partido Acci\u00f3n Nacional (PAN), Ricardo Anaya Cort\u00e9s, pidi\u00f3 a la Fiscal\u00eda General de la Rep\u00fablica (FGR que desista de la acusaci\u00f3n &hellip; <a href=\"https:\/\/a3noticias.com.mx\/sandbox\/2022\/02\/14\/defensa-de-anaya-cortes-llega-a-audiencia-sin-ex-candidato-presidencial\/\" class=\"more-link\">Leer m\u00e1s<\/a><\/p>\n","protected":false},"author":2,"featured_media":16718,"comment_status":"open","ping_status":"open","sticky":false,"template":"","format":"standard","meta":{"_monsterinsights_skip_tracking":false,"_monsterinsights_sitenote_active":false,"_monsterinsights_sitenote_note":"","_monsterinsights_sitenote_category":0,"footnotes":""},"categories":[3],"tags":[],"class_list":["post-18885","post","type-post","status-publish","format-standard","has-post-thumbnail","hentry","category-nal","entry"],"aioseo_notices":[],"_links":{"self":[{"href":"https:\/\/a3noticias.com.mx\/sandbox\/wp-json\/wp\/v2\/posts\/18885","targetHints":{"allow":["GET"]}}],"collection":[{"href":"https:\/\/a3noticias.com.mx\/sandbox\/wp-json\/wp\/v2\/posts"}],"about":[{"href":"https:\/\/a3noticias.com.mx\/sandbox\/wp-json\/wp\/v2\/types\/post"}],"author":[{"embeddable":true,"href":"https:\/\/a3noticias.com.mx\/sandbox\/wp-json\/wp\/v2\/users\/2"}],"replies":[{"embeddable":true,"href":"https:\/\/a3noticias.com.mx\/sandbox\/wp-json\/wp\/v2\/comments?post=18885"}],"version-history":[{"count":1,"href":"https:\/\/a3noticias.com.mx\/sandbox\/wp-json\/wp\/v2\/posts\/18885\/revisions"}],"predecessor-version":[{"id":18886,"href":"https:\/\/a3noticias.com.mx\/sandbox\/wp-json\/wp\/v2\/posts\/18885\/revisions\/18886"}],"wp:featuredmedia":[{"embeddable":true,"href":"https:\/\/a3noticias.com.mx\/sandbox\/wp-json\/wp\/v2\/media\/16718"}],"wp:attachment":[{"href":"https:\/\/a3noticias.com.mx\/sandbox\/wp-json\/wp\/v2\/media?parent=18885"}],"wp:term":[{"taxonomy":"category","embeddable":true,"href":"https:\/\/a3noticias.com.mx\/sandbox\/wp-json\/wp\/v2\/categories?post=18885"},{"taxonomy":"post_tag","embeddable":true,"href":"https:\/\/a3noticias.com.mx\/sandbox\/wp-json\/wp\/v2\/tags?post=18885"}],"curies":[{"name":"wp","href":"https:\/\/api.w.org\/{rel}","templated":true}]}}