{"id":18890,"date":"2022-02-14T10:37:55","date_gmt":"2022-02-14T16:37:55","guid":{"rendered":"https:\/\/a3noticias.com.mx\/sandbox\/?p=18890"},"modified":"2022-02-14T10:37:57","modified_gmt":"2022-02-14T16:37:57","slug":"amlo-confirma-que-desaparicion-de-el-mijis-esta-siendo-investigada","status":"publish","type":"post","link":"https:\/\/a3noticias.com.mx\/sandbox\/2022\/02\/14\/amlo-confirma-que-desaparicion-de-el-mijis-esta-siendo-investigada\/","title":{"rendered":"AMLO confirma que desaparici\u00f3n de \u00abEl Mijis\u00bb est\u00e1 siendo investigada."},"content":{"rendered":"\n<p>El presidente Andr\u00e9s Manuel L\u00f3pez Obrador, inform\u00f3 que el caso de la desaparici\u00f3n de Pedro Carrizales \u201cEl Mijis\u201d, quien fue visto por \u00faltima vez el 31 de enero en Saltillo, Cohahuila, est\u00e1 siendo investigado.&nbsp;<\/p>\n\n\n\n<blockquote class=\"wp-block-quote is-layout-flow wp-block-quote-is-layout-flow\"><p>\u201cEstamos atendiendo este caso Rosa Icela Rodr\u00edguez es la responsable y se est\u00e1 trabajando en la b\u00fasqueda\u201d, se\u00f1al\u00f3.<\/p><\/blockquote>\n\n\n\n<p>Durante la conferencia \u2018La Ma\u00f1anera\u2019, la comunicadora Frida Guerrera ley\u00f3 una carta al Presidente de la esposa de \u2018El Mijis\u2019, donde pide ayuda para encontrarlo ya que est\u00e1 desesperada por no tener noticias de \u00e9l.<\/p>\n\n\n\n<blockquote class=\"wp-block-quote is-layout-flow wp-block-quote-is-layout-flow\"><p>\u201cHoy son 14 d\u00edas de no verlo, abrazarlo, de no ver su sonrisa, de las miradas sobre las calles donde transitan los olvidados, de sentir el amor con el que planeaba ayudar a los presos injustamente, de no mirar, no alimentar migrantes que sobreviven incertidumbre de dolor pero la verdad es que cada d\u00eda que pasa crece m\u00e1s el miedo de que su vida se reduzca (&#8230;) aunque reconozco y agradezco todo el apoyo de las autoridades federales estatales, le suplico lo que cualquiera esposa en mi situaci\u00f3n suplicar\u00eda. Ay\u00fadenme a encontrarlo, el conf\u00eda en usted hay dos motivos que lo hacen andar la causa y la transformaci\u00f3n por favor no lo deje solo. Atentamente Miran Mart\u00ednez Vargas\u201d<\/p><\/blockquote>\n\n\n\n<p>El presidente se\u00f1al\u00f3 que el d\u00eda de hoy se informar\u00e1n detalladamente las acciones que se est\u00e1n implementando en este caso.\u00a0<\/p>\n\n\n\n<p>Es importante recordar que de acuerdo con la ficha de b\u00fasqueda, la \u00faltima vez que fue visto Pedro C\u00e9sar Carrizales vest\u00eda una camisa de manga larga azul cielo, chamarra azul marino, pantal\u00f3n de mezclilla azul oscuro, botas caf\u00e9s y una pulsera negra con tres cuarzos.<\/p>\n","protected":false},"excerpt":{"rendered":"<p>El presidente Andr\u00e9s Manuel L\u00f3pez Obrador, inform\u00f3 que el caso de la desaparici\u00f3n de Pedro Carrizales \u201cEl Mijis\u201d, quien fue visto por \u00faltima vez el 31 de enero en Saltillo, &hellip; <a href=\"https:\/\/a3noticias.com.mx\/sandbox\/2022\/02\/14\/amlo-confirma-que-desaparicion-de-el-mijis-esta-siendo-investigada\/\" class=\"more-link\">Leer m\u00e1s<\/a><\/p>\n","protected":false},"author":2,"featured_media":18891,"comment_status":"open","ping_status":"open","sticky":false,"template":"","format":"standard","meta":{"_monsterinsights_skip_tracking":false,"_monsterinsights_sitenote_active":false,"_monsterinsights_sitenote_note":"","_monsterinsights_sitenote_category":0,"footnotes":""},"categories":[3],"tags":[],"class_list":["post-18890","post","type-post","status-publish","format-standard","has-post-thumbnail","hentry","category-nal","entry"],"aioseo_notices":[],"_links":{"self":[{"href":"https:\/\/a3noticias.com.mx\/sandbox\/wp-json\/wp\/v2\/posts\/18890","targetHints":{"allow":["GET"]}}],"collection":[{"href":"https:\/\/a3noticias.com.mx\/sandbox\/wp-json\/wp\/v2\/posts"}],"about":[{"href":"https:\/\/a3noticias.com.mx\/sandbox\/wp-json\/wp\/v2\/types\/post"}],"author":[{"embeddable":true,"href":"https:\/\/a3noticias.com.mx\/sandbox\/wp-json\/wp\/v2\/users\/2"}],"replies":[{"embeddable":true,"href":"https:\/\/a3noticias.com.mx\/sandbox\/wp-json\/wp\/v2\/comments?post=18890"}],"version-history":[{"count":1,"href":"https:\/\/a3noticias.com.mx\/sandbox\/wp-json\/wp\/v2\/posts\/18890\/revisions"}],"predecessor-version":[{"id":18892,"href":"https:\/\/a3noticias.com.mx\/sandbox\/wp-json\/wp\/v2\/posts\/18890\/revisions\/18892"}],"wp:featuredmedia":[{"embeddable":true,"href":"https:\/\/a3noticias.com.mx\/sandbox\/wp-json\/wp\/v2\/media\/18891"}],"wp:attachment":[{"href":"https:\/\/a3noticias.com.mx\/sandbox\/wp-json\/wp\/v2\/media?parent=18890"}],"wp:term":[{"taxonomy":"category","embeddable":true,"href":"https:\/\/a3noticias.com.mx\/sandbox\/wp-json\/wp\/v2\/categories?post=18890"},{"taxonomy":"post_tag","embeddable":true,"href":"https:\/\/a3noticias.com.mx\/sandbox\/wp-json\/wp\/v2\/tags?post=18890"}],"curies":[{"name":"wp","href":"https:\/\/api.w.org\/{rel}","templated":true}]}}