{"id":18899,"date":"2022-02-14T14:22:07","date_gmt":"2022-02-14T20:22:07","guid":{"rendered":"https:\/\/a3noticias.com.mx\/sandbox\/?p=18899"},"modified":"2022-02-14T14:22:10","modified_gmt":"2022-02-14T20:22:10","slug":"anaya-cortes-dice-que-no-se-va-a-dejar-de-las-mentiras-de-lozoya","status":"publish","type":"post","link":"https:\/\/a3noticias.com.mx\/sandbox\/2022\/02\/14\/anaya-cortes-dice-que-no-se-va-a-dejar-de-las-mentiras-de-lozoya\/","title":{"rendered":"Anaya Cort\u00e9s dice que no se va a dejar de las &#8216;mentiras de Lozoya&#8217;."},"content":{"rendered":"\n<p>Ricardo Anaya Cort\u00e9s, quien debi\u00f3 presentarse hoy por la ma\u00f1ana en la audiencia que se llev\u00f3 a cabo en el reclusorio norte para ser imputado por el caso de los supuestos sobornos que recibi\u00f3 para aprobar la reforma energ\u00e9tica, public\u00f3 a trav\u00e9s de sus redes sociales su v\u00eddeo semanal, en el cual asegur\u00f3 que&nbsp; \u201cno se va a dejar\u201d, ni caer\u00e1 en el juego de las mentiras que ha dicho el exdirector de Petr\u00f3leos Mexicanos (Pemex), Emilio Lozoya Austin.&nbsp;<\/p>\n\n\n\n<blockquote class=\"wp-block-quote is-layout-flow wp-block-quote-is-layout-flow\"><p>\u201cComo lo he dicho yo no me voy a dejar, pero tampoco voy a cometer el error de caer en su juego, y dedicarme a hablar, horas y horas, de la bola de mentiras de un tipo que ya est\u00e1 en la c\u00e1rcel y que de hecho podr\u00eda quedarse ah\u00ed m\u00e1s de 50 a\u00f1os por ratero y por mentiroso\u201d.\u00a0<\/p><\/blockquote>\n\n\n\n<p>El ex candidato presidencial por el Partido Acci\u00f3n Nacional (PAN), se\u00f1al\u00f3 que lo importante en estos momentos es que Lozoya es un delincuente y un mentiroso y apunt\u00f3 que en \u201ceste d\u00eda especial\u201d del 14 de febrero, en el que se busca recordar y estar con las personas que se consideran importantes en la vida, el gobierno del Presidente Andr\u00e9s Manuel L\u00f3pez Obrador deb\u00eda garantizar la paz y la seguridad, sin embargo, resalt\u00f3 que no lo hizo.<\/p>\n\n\n\n<p>Destac\u00f3 que el Presidente L\u00f3pez Obrador insiste en su estrategia de \u201cAbrazos no Balazos\u201d, pero apunt\u00f3 que \u00e9sta s\u00f3lo favorece a los criminales y detall\u00f3 que con los 103 mil homicidios dolosos que van durante el sexenio, ya se puede considerar como el m\u00e1s violento en la historia de nuestro pa\u00eds, en ese mismo sentido mencion\u00f3 que van m\u00e1s de 15 mil polic\u00edas asesinados, tres mil feminicidios y la violencia contra los periodistas est\u00e1 exacerbada, como el caso de la periodista Lourdes Maldoado, al que refiri\u00f3 que \u201ces indignante y trist\u00edsimo recordar\u201d pues apenas en 2019 pidi\u00f3 al Presidente L\u00f3pez Obrador que protegiera su vida.<\/p>\n\n\n\n<blockquote class=\"wp-block-quote is-layout-flow wp-block-quote-is-layout-flow\"><p>\u201cVivimos en un M\u00e9xico en el que se pueden tomar casetas, bloquear carreteras, v\u00edas de tren, dejar narcomantas y muertos en plena plaza p\u00fablica en una capital estatal sin que pase nada. Porque para los delincuentes hay abrazos, no balazos\u201d.<\/p><\/blockquote>\n\n\n\n<figure class=\"wp-block-embed-twitter wp-block-embed is-type-rich is-provider-twitter\"><div class=\"wp-block-embed__wrapper\">\n<blockquote class=\"twitter-tweet\" data-width=\"550\" data-dnt=\"true\"><p lang=\"es\" dir=\"ltr\">Tenemos un gobierno que ataca opositores y defiende delincuentes. Hoy se llev\u00f3 a cabo la audiencia, pero se suspendi\u00f3. No me voy a dejar, pero tampoco voy a seguir hablando de las mentiras de Lozoya, quien ya est\u00e1 en la c\u00e1rcel y podr\u00eda quedarse ah\u00ed 54 a\u00f1os por ratero y mentiroso. <a href=\"https:\/\/t.co\/uJJsNfooVP\">pic.twitter.com\/uJJsNfooVP<\/a><\/p>&mdash; RicardoAnayaC (@RicardoAnayaC) <a href=\"https:\/\/twitter.com\/RicardoAnayaC\/status\/1493268008122429444?ref_src=twsrc%5Etfw\">February 14, 2022<\/a><\/blockquote><script async src=\"https:\/\/platform.twitter.com\/widgets.js\" charset=\"utf-8\"><\/script>\n<\/div><\/figure>\n\n\n\n<p>En el caso de la audiencia a la cual el panista no asisti\u00f3, un juez federal declar\u00f3 injustificada la ausencia del ex candidato presidencial y autoriz\u00f3 a la Fiscal\u00eda General de la Rep\u00fablica (FGR) a proceder conforme considere para garantizar que acuda a la audiencia inicial.\u00a0<\/p>\n\n\n\n<p><\/p>\n","protected":false},"excerpt":{"rendered":"<p>Ricardo Anaya Cort\u00e9s, quien debi\u00f3 presentarse hoy por la ma\u00f1ana en la audiencia que se llev\u00f3 a cabo en el reclusorio norte para ser imputado por el caso de los &hellip; <a href=\"https:\/\/a3noticias.com.mx\/sandbox\/2022\/02\/14\/anaya-cortes-dice-que-no-se-va-a-dejar-de-las-mentiras-de-lozoya\/\" class=\"more-link\">Leer m\u00e1s<\/a><\/p>\n","protected":false},"author":2,"featured_media":18900,"comment_status":"open","ping_status":"open","sticky":false,"template":"","format":"standard","meta":{"_monsterinsights_skip_tracking":false,"_monsterinsights_sitenote_active":false,"_monsterinsights_sitenote_note":"","_monsterinsights_sitenote_category":0,"footnotes":""},"categories":[3],"tags":[],"class_list":["post-18899","post","type-post","status-publish","format-standard","has-post-thumbnail","hentry","category-nal","entry"],"aioseo_notices":[],"_links":{"self":[{"href":"https:\/\/a3noticias.com.mx\/sandbox\/wp-json\/wp\/v2\/posts\/18899","targetHints":{"allow":["GET"]}}],"collection":[{"href":"https:\/\/a3noticias.com.mx\/sandbox\/wp-json\/wp\/v2\/posts"}],"about":[{"href":"https:\/\/a3noticias.com.mx\/sandbox\/wp-json\/wp\/v2\/types\/post"}],"author":[{"embeddable":true,"href":"https:\/\/a3noticias.com.mx\/sandbox\/wp-json\/wp\/v2\/users\/2"}],"replies":[{"embeddable":true,"href":"https:\/\/a3noticias.com.mx\/sandbox\/wp-json\/wp\/v2\/comments?post=18899"}],"version-history":[{"count":1,"href":"https:\/\/a3noticias.com.mx\/sandbox\/wp-json\/wp\/v2\/posts\/18899\/revisions"}],"predecessor-version":[{"id":18901,"href":"https:\/\/a3noticias.com.mx\/sandbox\/wp-json\/wp\/v2\/posts\/18899\/revisions\/18901"}],"wp:featuredmedia":[{"embeddable":true,"href":"https:\/\/a3noticias.com.mx\/sandbox\/wp-json\/wp\/v2\/media\/18900"}],"wp:attachment":[{"href":"https:\/\/a3noticias.com.mx\/sandbox\/wp-json\/wp\/v2\/media?parent=18899"}],"wp:term":[{"taxonomy":"category","embeddable":true,"href":"https:\/\/a3noticias.com.mx\/sandbox\/wp-json\/wp\/v2\/categories?post=18899"},{"taxonomy":"post_tag","embeddable":true,"href":"https:\/\/a3noticias.com.mx\/sandbox\/wp-json\/wp\/v2\/tags?post=18899"}],"curies":[{"name":"wp","href":"https:\/\/api.w.org\/{rel}","templated":true}]}}