{"id":18902,"date":"2022-02-15T09:50:07","date_gmt":"2022-02-15T15:50:07","guid":{"rendered":"https:\/\/a3noticias.com.mx\/sandbox\/?p=18902"},"modified":"2022-02-15T09:50:10","modified_gmt":"2022-02-15T15:50:10","slug":"periodistas-queretanos-exigen-justicia-para-colegas-asesinados","status":"publish","type":"post","link":"https:\/\/a3noticias.com.mx\/sandbox\/2022\/02\/15\/periodistas-queretanos-exigen-justicia-para-colegas-asesinados\/","title":{"rendered":"Periodistas queretanos exigen justicia para colegas asesinados"},"content":{"rendered":"\n<p>Este 14 de febrero periodistas queretanos se sumaron a la protesta nacional para exigir justicia por los recientes asesinatos de profesionales de la comunicaci\u00f3n pertenecientes al gremio period\u00edstico en el pa\u00eds.<\/p>\n\n\n\n<p>El encuentro tuvo lugar en Plaza de Armas bajo el lema \u201cNo se Mata la Verdad\u201d donde comunicadores queretanos de diversos medios de comunicaci\u00f3n arribaron en protesta al asesinato de los cinco periodistas que han fallecido a causa de su labor en lo que va del a\u00f1o.<\/p>\n\n\n\n<p>Se trata de Heber L\u00f3pez V\u00e1zquez, en Oaxaca; Roberto Toledo en Michoac\u00e1n; Lourdes Maldonado y Margarito Mart\u00ednez en Baja California; y Jos\u00e9 Luis Gamboa en Veracruz.<\/p>\n\n\n\n<p>Los asistentes exigieron a las autoridades de los distintos \u00f3rdenes de gobierno que se les garantizara el derecho a comunicar libremente, mismo que se encuentra consagrado en la carta magna; mejoras en las condiciones laborales para quienes ejercen esta labor; as\u00ed como la Reforma a la Ley Federal del Trabajo a fin de que se tome en cuenta la labor period\u00edstica como un trabajo de alto riesgo.<\/p>\n\n\n\n<blockquote class=\"wp-block-quote is-layout-flow wp-block-quote-is-layout-flow\"><p>\u201cLos asesinatos a periodistas son la punta del iceberg en un sistema de precariedad laboral en donde las y los trabajadores de medios debemos subsistir con bajos salarios, pocas o nulas prestaciones sociales\u201d, enunciaron en el pronunciamiento p\u00fablico al que se sumaron m\u00e1s de treinta comunicadores activos en el estado.<\/p><\/blockquote>\n\n\n\n<p>Esta movilizaci\u00f3n nacional tambi\u00e9n busca exigir a la presidencia de la Rep\u00fablica el uso de las instituciones estatales para amedrentar a la prensa del pa\u00eds.<\/p>\n","protected":false},"excerpt":{"rendered":"<p>Este 14 de febrero periodistas queretanos se sumaron a la protesta nacional para exigir justicia por los recientes asesinatos de profesionales de la comunicaci\u00f3n pertenecientes al gremio period\u00edstico en el &hellip; <a href=\"https:\/\/a3noticias.com.mx\/sandbox\/2022\/02\/15\/periodistas-queretanos-exigen-justicia-para-colegas-asesinados\/\" class=\"more-link\">Leer m\u00e1s<\/a><\/p>\n","protected":false},"author":4,"featured_media":18903,"comment_status":"open","ping_status":"open","sticky":false,"template":"","format":"standard","meta":{"_monsterinsights_skip_tracking":false,"_monsterinsights_sitenote_active":false,"_monsterinsights_sitenote_note":"","_monsterinsights_sitenote_category":0,"footnotes":""},"categories":[3],"tags":[],"class_list":["post-18902","post","type-post","status-publish","format-standard","has-post-thumbnail","hentry","category-nal","entry"],"aioseo_notices":[],"_links":{"self":[{"href":"https:\/\/a3noticias.com.mx\/sandbox\/wp-json\/wp\/v2\/posts\/18902","targetHints":{"allow":["GET"]}}],"collection":[{"href":"https:\/\/a3noticias.com.mx\/sandbox\/wp-json\/wp\/v2\/posts"}],"about":[{"href":"https:\/\/a3noticias.com.mx\/sandbox\/wp-json\/wp\/v2\/types\/post"}],"author":[{"embeddable":true,"href":"https:\/\/a3noticias.com.mx\/sandbox\/wp-json\/wp\/v2\/users\/4"}],"replies":[{"embeddable":true,"href":"https:\/\/a3noticias.com.mx\/sandbox\/wp-json\/wp\/v2\/comments?post=18902"}],"version-history":[{"count":1,"href":"https:\/\/a3noticias.com.mx\/sandbox\/wp-json\/wp\/v2\/posts\/18902\/revisions"}],"predecessor-version":[{"id":18904,"href":"https:\/\/a3noticias.com.mx\/sandbox\/wp-json\/wp\/v2\/posts\/18902\/revisions\/18904"}],"wp:featuredmedia":[{"embeddable":true,"href":"https:\/\/a3noticias.com.mx\/sandbox\/wp-json\/wp\/v2\/media\/18903"}],"wp:attachment":[{"href":"https:\/\/a3noticias.com.mx\/sandbox\/wp-json\/wp\/v2\/media?parent=18902"}],"wp:term":[{"taxonomy":"category","embeddable":true,"href":"https:\/\/a3noticias.com.mx\/sandbox\/wp-json\/wp\/v2\/categories?post=18902"},{"taxonomy":"post_tag","embeddable":true,"href":"https:\/\/a3noticias.com.mx\/sandbox\/wp-json\/wp\/v2\/tags?post=18902"}],"curies":[{"name":"wp","href":"https:\/\/api.w.org\/{rel}","templated":true}]}}