{"id":18918,"date":"2022-02-15T11:32:58","date_gmt":"2022-02-15T17:32:58","guid":{"rendered":"https:\/\/a3noticias.com.mx\/sandbox\/?p=18918"},"modified":"2022-02-15T11:32:59","modified_gmt":"2022-02-15T17:32:59","slug":"presentaran-iniciativa-de-ley-en-queretaro-para-proteccion-a-periodistas","status":"publish","type":"post","link":"https:\/\/a3noticias.com.mx\/sandbox\/2022\/02\/15\/presentaran-iniciativa-de-ley-en-queretaro-para-proteccion-a-periodistas\/","title":{"rendered":"Presentar\u00e1n Iniciativa de Ley en Quer\u00e9taro para Protecci\u00f3n a Periodistas"},"content":{"rendered":"\n<p>El Diputado Paul Ospital Carrera presentar\u00e1 una iniciativa de Ley cuyo objetivo es proteger la integridad de las personas dedicadas a la labor period\u00edstica, as\u00ed como a activistas y defensores de los derechos humanos.<\/p>\n\n\n\n<p>El Legislador se\u00f1al\u00f3 que en Quer\u00e9taro no existen asesinatos a periodistas, sin embargo se busca proteger otras formas de violencia contra el gremio.<\/p>\n\n\n\n<p>Detall\u00f3 que la iniciativa ya se encuentra casi lista, pero es probable que se le adicionen algunos t\u00e9rminos pues ser\u00e1n tomadas en cuenta otros puntos de vista antes de llevarla a dictamen y a posterior votaci\u00f3n en pleno de la Legislatura.&nbsp;<\/p>\n\n\n\n<blockquote class=\"wp-block-quote is-layout-flow wp-block-quote-is-layout-flow\"><p>\u201cVamos a proponer que dentro de la misma ley puedan tener un marco de protecci\u00f3n adicional al que tienen ya a nivel nacional\u00a0 que ya nos dimos cuenta que no ha resultado\u201d, se\u00f1al\u00f3.<\/p><\/blockquote>\n\n\n\n<p>Asimismo, refiri\u00f3 que esta iniciativa parte de las leyes ya existentes en otros estados de la Rep\u00fablica en donde ya se cuenta con mecanismos de protecci\u00f3n a estos sectores.<\/p>\n\n\n\n<blockquote class=\"wp-block-quote is-layout-flow wp-block-quote-is-layout-flow\"><p>\u201cNo estamos inventando el hilo negro, sino que estamos haciendo un compendio de derecho comparado con otros estados de la Rep\u00fablica y con la propia ley nacional para no violar la normativa federal\u201d, dijo.<\/p><\/blockquote>\n\n\n\n<p>Finalmente, Ospital Carrera expres\u00f3 que que la violencia y el asedio contra periodistas no es algo exclusivo que ata\u00f1a a las autoridades federales, sino que tambi\u00e9n se replica a nivel local.<\/p>\n\n\n\n<blockquote class=\"wp-block-quote is-layout-flow wp-block-quote-is-layout-flow\"><p>\u201cNo es solamente el asesinato periodistas, sino el asedio desde el poder, que se da en el poder local y en el federal. No critiquemos lo que pasa a 184 kil\u00f3metros si aqu\u00ed, en nuestra casa, tambi\u00e9n sucede. Esta ley tiene que ser mucho m\u00e1s amplia y no s\u00f3lo proteger la vida de quienes publican o comentan sobre el crimen organizado o el poder\u201d, puntualiz\u00f3.<\/p><\/blockquote>\n\n\n\n<p><\/p>\n\n\n\n<p>Con informaci\u00f3n de <em>Am Quer\u00e9taro<\/em><\/p>\n","protected":false},"excerpt":{"rendered":"<p>El Diputado Paul Ospital Carrera presentar\u00e1 una iniciativa de Ley cuyo objetivo es proteger la integridad de las personas dedicadas a la labor period\u00edstica, as\u00ed como a activistas y defensores &hellip; <a href=\"https:\/\/a3noticias.com.mx\/sandbox\/2022\/02\/15\/presentaran-iniciativa-de-ley-en-queretaro-para-proteccion-a-periodistas\/\" class=\"more-link\">Leer m\u00e1s<\/a><\/p>\n","protected":false},"author":4,"featured_media":18919,"comment_status":"open","ping_status":"open","sticky":false,"template":"","format":"standard","meta":{"_monsterinsights_skip_tracking":false,"_monsterinsights_sitenote_active":false,"_monsterinsights_sitenote_note":"","_monsterinsights_sitenote_category":0,"footnotes":""},"categories":[2],"tags":[],"class_list":["post-18918","post","type-post","status-publish","format-standard","has-post-thumbnail","hentry","category-qro","entry"],"aioseo_notices":[],"_links":{"self":[{"href":"https:\/\/a3noticias.com.mx\/sandbox\/wp-json\/wp\/v2\/posts\/18918","targetHints":{"allow":["GET"]}}],"collection":[{"href":"https:\/\/a3noticias.com.mx\/sandbox\/wp-json\/wp\/v2\/posts"}],"about":[{"href":"https:\/\/a3noticias.com.mx\/sandbox\/wp-json\/wp\/v2\/types\/post"}],"author":[{"embeddable":true,"href":"https:\/\/a3noticias.com.mx\/sandbox\/wp-json\/wp\/v2\/users\/4"}],"replies":[{"embeddable":true,"href":"https:\/\/a3noticias.com.mx\/sandbox\/wp-json\/wp\/v2\/comments?post=18918"}],"version-history":[{"count":1,"href":"https:\/\/a3noticias.com.mx\/sandbox\/wp-json\/wp\/v2\/posts\/18918\/revisions"}],"predecessor-version":[{"id":18920,"href":"https:\/\/a3noticias.com.mx\/sandbox\/wp-json\/wp\/v2\/posts\/18918\/revisions\/18920"}],"wp:featuredmedia":[{"embeddable":true,"href":"https:\/\/a3noticias.com.mx\/sandbox\/wp-json\/wp\/v2\/media\/18919"}],"wp:attachment":[{"href":"https:\/\/a3noticias.com.mx\/sandbox\/wp-json\/wp\/v2\/media?parent=18918"}],"wp:term":[{"taxonomy":"category","embeddable":true,"href":"https:\/\/a3noticias.com.mx\/sandbox\/wp-json\/wp\/v2\/categories?post=18918"},{"taxonomy":"post_tag","embeddable":true,"href":"https:\/\/a3noticias.com.mx\/sandbox\/wp-json\/wp\/v2\/tags?post=18918"}],"curies":[{"name":"wp","href":"https:\/\/api.w.org\/{rel}","templated":true}]}}