{"id":18921,"date":"2022-02-15T11:54:17","date_gmt":"2022-02-15T17:54:17","guid":{"rendered":"https:\/\/a3noticias.com.mx\/sandbox\/?p=18921"},"modified":"2022-02-15T11:54:21","modified_gmt":"2022-02-15T17:54:21","slug":"presentan-un-jalon-que-da-vida-campana-para-apoyar-a-ninos-con-cancer","status":"publish","type":"post","link":"https:\/\/a3noticias.com.mx\/sandbox\/2022\/02\/15\/presentan-un-jalon-que-da-vida-campana-para-apoyar-a-ninos-con-cancer\/","title":{"rendered":"Presentan \u00abUn jal\u00f3n que da vida\u00bb campa\u00f1a para apoyar a ni\u00f1os con c\u00e1ncer."},"content":{"rendered":"\n<p>\u201cUn jal\u00f3n que da vida\u201d, una campa\u00f1a de la Asociaci\u00f3n Mexicana de Ayuda a Ni\u00f1os con C\u00e1ncer (AMANC) Quer\u00e9taro, se lanzada en el marco del D\u00eda Internacional del C\u00e1ncer Infantil.&nbsp;<\/p>\n\n\n\n<p>De acuerdo con la procuradora de fondos de AMANC Quer\u00e9taro, Alicia Garc\u00eda Guerrero, esta campa\u00f1a ser\u00e1 implementada a partir de la siguiente semana en plataformas digitales, la cual consiste en donar 500 pesos para atender a m\u00e1s de 310 menores con c\u00e1ncer.&nbsp;<\/p>\n\n\n\n<blockquote class=\"wp-block-quote is-layout-flow wp-block-quote-is-layout-flow\"><p>\u201cEstamos invitando a todas y todos los queretanos a qu\u00e9 con un solo donativo en el a\u00f1o nos ayuden a que esa suma se multiplique, esa suma es de 500 pesos, con lo que podemos tener si todos se suman, ese modelo de acompa\u00f1amiento\u201d\u00a0<\/p><\/blockquote>\n\n\n\n<p>Este monto consiste en ahorrar $1.50 pesos al d\u00eda, e invit\u00f3 a la poblaci\u00f3n a acceder a la liga jalondevida.amanc.org y a las redes sociales de la asociaci\u00f3n.&nbsp;<\/p>\n\n\n\n<p>Por su parte, la directora de AMANC Quer\u00e9taro, Patricia Otero Lara, exhort\u00f3 a la poblaci\u00f3n a llevar a atenci\u00f3n m\u00e9dica a ni\u00f1as, ni\u00f1os y adolescentes cuando presenten 2 o m\u00e1s s\u00edntomas sin raz\u00f3n aparente durante m\u00e1s de 2 semanas ya que puede ser una alerta de un posible c\u00e1ncer, lo que es la principal causa de muerte por enfermedad en pacientes de 5 a 14 a\u00f1os; adem\u00e1s, 3 de cada 4 casos de c\u00e1ncer infantil se detecta en etapas avanzadas.&nbsp;<\/p>\n\n\n\n<p>Los s\u00edntomas pueden ser palidez, fatiga con facilidad, p\u00e9rdida de peso, fiebre, dolor de cabeza intenso, v\u00f3mito; puntos rojos, moretones en la piel, luz blanca en los ojos, dolor de huesos y articulaciones, bolitas en el cuerpo, principalmente en la ingle, cuello, axilas, piernas y brazos; crecimiento del abdomen.<\/p>\n","protected":false},"excerpt":{"rendered":"<p>\u201cUn jal\u00f3n que da vida\u201d, una campa\u00f1a de la Asociaci\u00f3n Mexicana de Ayuda a Ni\u00f1os con C\u00e1ncer (AMANC) Quer\u00e9taro, se lanzada en el marco del D\u00eda Internacional del C\u00e1ncer Infantil.&nbsp; &hellip; <a href=\"https:\/\/a3noticias.com.mx\/sandbox\/2022\/02\/15\/presentan-un-jalon-que-da-vida-campana-para-apoyar-a-ninos-con-cancer\/\" class=\"more-link\">Leer m\u00e1s<\/a><\/p>\n","protected":false},"author":2,"featured_media":18922,"comment_status":"open","ping_status":"open","sticky":false,"template":"","format":"standard","meta":{"_monsterinsights_skip_tracking":false,"_monsterinsights_sitenote_active":false,"_monsterinsights_sitenote_note":"","_monsterinsights_sitenote_category":0,"footnotes":""},"categories":[2],"tags":[],"class_list":["post-18921","post","type-post","status-publish","format-standard","has-post-thumbnail","hentry","category-qro","entry"],"aioseo_notices":[],"_links":{"self":[{"href":"https:\/\/a3noticias.com.mx\/sandbox\/wp-json\/wp\/v2\/posts\/18921","targetHints":{"allow":["GET"]}}],"collection":[{"href":"https:\/\/a3noticias.com.mx\/sandbox\/wp-json\/wp\/v2\/posts"}],"about":[{"href":"https:\/\/a3noticias.com.mx\/sandbox\/wp-json\/wp\/v2\/types\/post"}],"author":[{"embeddable":true,"href":"https:\/\/a3noticias.com.mx\/sandbox\/wp-json\/wp\/v2\/users\/2"}],"replies":[{"embeddable":true,"href":"https:\/\/a3noticias.com.mx\/sandbox\/wp-json\/wp\/v2\/comments?post=18921"}],"version-history":[{"count":1,"href":"https:\/\/a3noticias.com.mx\/sandbox\/wp-json\/wp\/v2\/posts\/18921\/revisions"}],"predecessor-version":[{"id":18923,"href":"https:\/\/a3noticias.com.mx\/sandbox\/wp-json\/wp\/v2\/posts\/18921\/revisions\/18923"}],"wp:featuredmedia":[{"embeddable":true,"href":"https:\/\/a3noticias.com.mx\/sandbox\/wp-json\/wp\/v2\/media\/18922"}],"wp:attachment":[{"href":"https:\/\/a3noticias.com.mx\/sandbox\/wp-json\/wp\/v2\/media?parent=18921"}],"wp:term":[{"taxonomy":"category","embeddable":true,"href":"https:\/\/a3noticias.com.mx\/sandbox\/wp-json\/wp\/v2\/categories?post=18921"},{"taxonomy":"post_tag","embeddable":true,"href":"https:\/\/a3noticias.com.mx\/sandbox\/wp-json\/wp\/v2\/tags?post=18921"}],"curies":[{"name":"wp","href":"https:\/\/api.w.org\/{rel}","templated":true}]}}