{"id":18924,"date":"2022-02-15T12:04:07","date_gmt":"2022-02-15T18:04:07","guid":{"rendered":"https:\/\/a3noticias.com.mx\/sandbox\/?p=18924"},"modified":"2022-02-15T12:04:09","modified_gmt":"2022-02-15T18:04:09","slug":"nombran-a-nueva-titular-del-museo-regional-de-queretaro","status":"publish","type":"post","link":"https:\/\/a3noticias.com.mx\/sandbox\/2022\/02\/15\/nombran-a-nueva-titular-del-museo-regional-de-queretaro\/","title":{"rendered":"Nombran a nueva titular del Museo Regional de Quer\u00e9taro"},"content":{"rendered":"\n<p>Paulina Mac\u00edas N\u00fa\u00f1ez ser\u00e1 la nueva directora del Museo Regional de Quer\u00e9taro. El nombramiento se llev\u00f3 a cabo en el auditorio \u201cEduardo Loarca Castillo\u201d ubicado el Ex Convento de San Francisco, sede del museo, bajo la presentaci\u00f3n del director general del Instituto Nacional de Antropolog\u00eda e Historia (INAH), Diego Prieto Hern\u00e1ndez.<\/p>\n\n\n\n<p>Mac\u00edas N\u00fa\u00f1ez quien cuenta con maestr\u00eda en Estudios Antropol\u00f3gicos en Sociedades Contempor\u00e1neas, y quien ha participado en proyectos vinculados con el arte en los \u00e1mbitos p\u00fablico y privado, se comprometi\u00f3 al tomar el cargo, a que este espacio seguir\u00e1 fortaleciendo el conocimiento del pasado y del presente del estado, a trav\u00e9s del car\u00e1cter pluricultural de su territorialidad y de sus grupos humanos.<\/p>\n\n\n\n<blockquote class=\"wp-block-quote is-layout-flow wp-block-quote-is-layout-flow\"><p>\u201cEsta responsabilidad es un privilegio que asumo con entusiasmo y alegr\u00eda. El Museo Regional de Quer\u00e9taro, como un espacio vivo que reactualiza sus colecciones, nos permite cuestionarnos qui\u00e9nes somos, una pregunta pertinente que espero respondamos juntos todos los d\u00edas\u201d refiri\u00f3 la nueva titular del MRQ.<\/p><\/blockquote>\n\n\n\n<p>Paulina Mac\u00edas N\u00fa\u00f1ez es gestora cultural, traductora y antrop\u00f3loga, y antes de asumir la direcci\u00f3n del Museo Regional de Quer\u00e9taro estuvo a cargo de la Galer\u00eda Libertad, de la Secretar\u00eda de Cultura estatal, durante una d\u00e9cada. Adem\u00e1s es catedr\u00e1tica del Tecnol\u00f3gico de Monterrey, impartiendo desde 2013&nbsp; las asignaturas de Humanidades, Literatura y Arte; alternadamente participa en diversos proyectos art\u00edsticos, editoriales y curatoriales, de los que cabe destacar la exposici\u00f3n&nbsp;<em>Tierra habitada, paisaje y arte rupestre en Quer\u00e9taro y Guanajuato<\/em>, presentada en 2019 en el museo que ahora dirigir\u00e1, y en la cual particip\u00f3 mediante la coordinaci\u00f3n y desarrollo del guion museogr\u00e1fico.<\/p>\n\n\n\n<p>Mac\u00edas N\u00fa\u00f1ez sustituye en el cargo a Ram\u00f3n Avenda\u00f1o Esquivel,&nbsp;quien estuviera a cargo del recinto hist\u00f3rico por los \u00faltimos tres a\u00f1os.<\/p>\n","protected":false},"excerpt":{"rendered":"<p>Paulina Mac\u00edas N\u00fa\u00f1ez ser\u00e1 la nueva directora del Museo Regional de Quer\u00e9taro. El nombramiento se llev\u00f3 a cabo en el auditorio \u201cEduardo Loarca Castillo\u201d ubicado el Ex Convento de San &hellip; <a href=\"https:\/\/a3noticias.com.mx\/sandbox\/2022\/02\/15\/nombran-a-nueva-titular-del-museo-regional-de-queretaro\/\" class=\"more-link\">Leer m\u00e1s<\/a><\/p>\n","protected":false},"author":4,"featured_media":18925,"comment_status":"open","ping_status":"open","sticky":false,"template":"","format":"standard","meta":{"_monsterinsights_skip_tracking":false,"_monsterinsights_sitenote_active":false,"_monsterinsights_sitenote_note":"","_monsterinsights_sitenote_category":0,"footnotes":""},"categories":[2],"tags":[],"class_list":["post-18924","post","type-post","status-publish","format-standard","has-post-thumbnail","hentry","category-qro","entry"],"aioseo_notices":[],"_links":{"self":[{"href":"https:\/\/a3noticias.com.mx\/sandbox\/wp-json\/wp\/v2\/posts\/18924","targetHints":{"allow":["GET"]}}],"collection":[{"href":"https:\/\/a3noticias.com.mx\/sandbox\/wp-json\/wp\/v2\/posts"}],"about":[{"href":"https:\/\/a3noticias.com.mx\/sandbox\/wp-json\/wp\/v2\/types\/post"}],"author":[{"embeddable":true,"href":"https:\/\/a3noticias.com.mx\/sandbox\/wp-json\/wp\/v2\/users\/4"}],"replies":[{"embeddable":true,"href":"https:\/\/a3noticias.com.mx\/sandbox\/wp-json\/wp\/v2\/comments?post=18924"}],"version-history":[{"count":1,"href":"https:\/\/a3noticias.com.mx\/sandbox\/wp-json\/wp\/v2\/posts\/18924\/revisions"}],"predecessor-version":[{"id":18926,"href":"https:\/\/a3noticias.com.mx\/sandbox\/wp-json\/wp\/v2\/posts\/18924\/revisions\/18926"}],"wp:featuredmedia":[{"embeddable":true,"href":"https:\/\/a3noticias.com.mx\/sandbox\/wp-json\/wp\/v2\/media\/18925"}],"wp:attachment":[{"href":"https:\/\/a3noticias.com.mx\/sandbox\/wp-json\/wp\/v2\/media?parent=18924"}],"wp:term":[{"taxonomy":"category","embeddable":true,"href":"https:\/\/a3noticias.com.mx\/sandbox\/wp-json\/wp\/v2\/categories?post=18924"},{"taxonomy":"post_tag","embeddable":true,"href":"https:\/\/a3noticias.com.mx\/sandbox\/wp-json\/wp\/v2\/tags?post=18924"}],"curies":[{"name":"wp","href":"https:\/\/api.w.org\/{rel}","templated":true}]}}