{"id":18928,"date":"2022-02-19T09:00:00","date_gmt":"2022-02-19T15:00:00","guid":{"rendered":"https:\/\/a3noticias.com.mx\/sandbox\/?p=18928"},"modified":"2022-02-15T17:59:40","modified_gmt":"2022-02-15T23:59:40","slug":"la-historia-de-fashanu-el-primer-futbolista-en-hacer-publica-su-homosexualidad","status":"publish","type":"post","link":"https:\/\/a3noticias.com.mx\/sandbox\/2022\/02\/19\/la-historia-de-fashanu-el-primer-futbolista-en-hacer-publica-su-homosexualidad\/","title":{"rendered":"La Historia de Fashanu, el primer futbolista en hacer p\u00fablica su homosexualidad"},"content":{"rendered":"\n<p>Este 19 de febrero se conmemora el D\u00eda Internacional contra la homofobia en el futbol, en memoria de Justin Fashanu, el primer futbolista de \u00e9lite en pronunciarse p\u00fablicamente homosexual.&nbsp;<\/p>\n\n\n\n<p>Este acto de valent\u00eda lo hizo el jugador en el a\u00f1o de 1990, luego de ello, recibi\u00f3 burlas por parte del t\u00e9cnico del equipo al que pertenec\u00eda y de sus compa\u00f1eros, hasta que finalmente fue expulsado de \u00e9l.&nbsp;<\/p>\n\n\n\n<p>Fashanu no volvi\u00f3 a ser contratado de manera permanente por ning\u00fan otro equipo y luego de una falsa acusaci\u00f3n de violaci\u00f3n, cay\u00f3 en depresi\u00f3n y decidi\u00f3 quitarse la vida en 1998.<\/p>\n\n\n\n<p><strong>El Origen<\/strong><\/p>\n\n\n\n<p>Fashanu inici\u00f3 su carrera futbol\u00edstica jugando como delantero para el Norwich City en el a\u00f1o de 1978. Luego de jugar varias temporadas, demostr\u00f3 ser tan bueno en lo que hac\u00eda que el Nottingham Forest se interes\u00f3 en \u00e9l y pag\u00f3 un mill\u00f3n de libras por su adquisici\u00f3n, siendo el pase el m\u00e1s alto de la historia (hasta ese momento) para un jugador negro.<\/p>\n\n\n\n<p>Sin embargo, desde ese entonces corr\u00edan rumores sobre la orientaci\u00f3n sexual del jugador, lo que molestaba en gran medida a su entrenador, as\u00ed que decidi\u00f3 enviarlo en pr\u00e9stamo al Southampton. A partir de ese momento pas\u00f3 de un equipo a otro (Manchester City, West Ham, Ipswich Town) sin lograr estabilizarse en uno, no por falta de aptitudes, sino por los rumores que corr\u00edan en el medio sobre su homosexualidad.<\/p>\n\n\n\n<p>Fue en 1990 con el af\u00e1n de poner fin a los rumores, que dio una entrevista al diario The Sun convirti\u00e9ndose en el primer futbolista en activo en el mundo&nbsp;en declararse abiertamente homosexual, lo que provoc\u00f3 un gran rechazo por parte del gremio hacia el jugador, tanto que despu\u00e9s de eso, se prob\u00f3 en el Newcastle, sin suerte pues su Director T\u00e9cnico, Osvaldo Ardiles,<strong>&nbsp;<\/strong>se neg\u00f3 a incorporarlo.<\/p>\n\n\n\n<p>En 1998, pr\u00e1cticamente ya retirado fue acusado por un joven de 17 a\u00f1os de violaci\u00f3n, acusaci\u00f3n que posteriormente se sabr\u00eda era falsa, pero que la prensa trat\u00f3 como verdadera, por lo que cay\u00f3 en una profunda depresi\u00f3n pues para ese entonces su carrera estaba destrozada, por lo que tom\u00f3 la decisi\u00f3n de acabar con su vida el 2 de Mayo de 1998.<\/p>\n\n\n\n<blockquote class=\"wp-block-quote is-layout-flow wp-block-quote-is-layout-flow\"><p><strong>\u00abMe he dado cuenta de que ya he sido condenado como culpable. No quiero ser m\u00e1s una verg\u00fcenza para mis amigos y familia (&#8230;) espero que el Jes\u00fas que amo me d\u00e9 la bienvenida y finalmente encuentre la paz\u201d,<\/strong>\u00a0se lee en la nota de despedida que dej\u00f3.<\/p><\/blockquote>\n\n\n\n<p>Es por ello que cada 19 de febrero se conmemora el D\u00eda Internacional contra la homofobia en el futbol.<\/p>\n","protected":false},"excerpt":{"rendered":"<p>Este 19 de febrero se conmemora el D\u00eda Internacional contra la homofobia en el futbol, en memoria de Justin Fashanu, el primer futbolista de \u00e9lite en pronunciarse p\u00fablicamente homosexual.&nbsp; Este &hellip; <a href=\"https:\/\/a3noticias.com.mx\/sandbox\/2022\/02\/19\/la-historia-de-fashanu-el-primer-futbolista-en-hacer-publica-su-homosexualidad\/\" class=\"more-link\">Leer m\u00e1s<\/a><\/p>\n","protected":false},"author":4,"featured_media":18929,"comment_status":"open","ping_status":"open","sticky":false,"template":"","format":"standard","meta":{"_monsterinsights_skip_tracking":false,"_monsterinsights_sitenote_active":false,"_monsterinsights_sitenote_note":"","_monsterinsights_sitenote_category":0,"footnotes":""},"categories":[9],"tags":[],"class_list":["post-18928","post","type-post","status-publish","format-standard","has-post-thumbnail","hentry","category-cultura","entry"],"aioseo_notices":[],"_links":{"self":[{"href":"https:\/\/a3noticias.com.mx\/sandbox\/wp-json\/wp\/v2\/posts\/18928","targetHints":{"allow":["GET"]}}],"collection":[{"href":"https:\/\/a3noticias.com.mx\/sandbox\/wp-json\/wp\/v2\/posts"}],"about":[{"href":"https:\/\/a3noticias.com.mx\/sandbox\/wp-json\/wp\/v2\/types\/post"}],"author":[{"embeddable":true,"href":"https:\/\/a3noticias.com.mx\/sandbox\/wp-json\/wp\/v2\/users\/4"}],"replies":[{"embeddable":true,"href":"https:\/\/a3noticias.com.mx\/sandbox\/wp-json\/wp\/v2\/comments?post=18928"}],"version-history":[{"count":2,"href":"https:\/\/a3noticias.com.mx\/sandbox\/wp-json\/wp\/v2\/posts\/18928\/revisions"}],"predecessor-version":[{"id":18931,"href":"https:\/\/a3noticias.com.mx\/sandbox\/wp-json\/wp\/v2\/posts\/18928\/revisions\/18931"}],"wp:featuredmedia":[{"embeddable":true,"href":"https:\/\/a3noticias.com.mx\/sandbox\/wp-json\/wp\/v2\/media\/18929"}],"wp:attachment":[{"href":"https:\/\/a3noticias.com.mx\/sandbox\/wp-json\/wp\/v2\/media?parent=18928"}],"wp:term":[{"taxonomy":"category","embeddable":true,"href":"https:\/\/a3noticias.com.mx\/sandbox\/wp-json\/wp\/v2\/categories?post=18928"},{"taxonomy":"post_tag","embeddable":true,"href":"https:\/\/a3noticias.com.mx\/sandbox\/wp-json\/wp\/v2\/tags?post=18928"}],"curies":[{"name":"wp","href":"https:\/\/api.w.org\/{rel}","templated":true}]}}