{"id":18934,"date":"2022-02-16T09:48:31","date_gmt":"2022-02-16T15:48:31","guid":{"rendered":"https:\/\/a3noticias.com.mx\/sandbox\/?p=18934"},"modified":"2022-02-16T10:58:03","modified_gmt":"2022-02-16T16:58:03","slug":"se-respetara-el-derecho-a-la-vida-de-periodistas-incluidos-los-mercenarios-amlo","status":"publish","type":"post","link":"https:\/\/a3noticias.com.mx\/sandbox\/2022\/02\/16\/se-respetara-el-derecho-a-la-vida-de-periodistas-incluidos-los-mercenarios-amlo\/","title":{"rendered":"Periodistas en la ma\u00f1anera guardan minuto de silencio por compa\u00f1eros asesinados."},"content":{"rendered":"\n<p>Este mi\u00e9rcoles al finalizar la conferencia de prensa del presidente Andr\u00e9s Manuel L\u00f3pez Obrador se guard\u00f3 un minuto de silencio en recuerdo a los reporteros asesinados en M\u00e9xico, que este a\u00f1o suma cinco. Esto luego de las protestas que llevaron a cabo ayer reporteros y periodistas de la C\u00e1mara de Diputados y Senado para exigir justicia.<\/p>\n\n\n\n<p>A las 08:52 horas, un reportero pidi\u00f3 permanecer un momento en el sal\u00f3n Tesorer\u00eda para guarda un minuto de silencio por los compa\u00f1eros que han perdido la vida. Asimismo, Rodolfo Montes, reportero independiente -quien minutos antes le hab\u00eda comentado al presidente que no plantear\u00eda preguntas en solidaridad y en protestas por los periodistas asesinados &#8211;  casi al final de la conferencia grit\u00f3 \u201c\u00a1Nos queremos vivos!\u201d<\/p>\n\n\n\n<p>El mandatario federal dijo durante &#8216;La Ma\u00f1anera&#8217;, respecto a las manifestaciones de periodistas que se han suscitado en las que exigen seguridad en la prensa debido a los m\u00faltiples asesinatos que han ocurrido, asegur\u00f3 que se respetar\u00e1 el derecho a la vida de todos los periodistas, incluidas las de los que \u00e9l considera \u201cmercenarios\u201d, pues es el principal derecho.<\/p>\n\n\n\n<blockquote class=\"wp-block-quote is-layout-flow wp-block-quote-is-layout-flow\"><p>\u201cTodo nuestro apoyo y solidaridad a los periodistas. Hay que proteger a todos: ricos, pobres, periodistas honestos y mercenarios&#8230; a todos, porque la vida es lo m\u00e1s valioso y todos tenemos derecho a la vida\u201d<\/p><\/blockquote>\n\n\n\n<p>Resalt\u00f3 que su gobierno no manda a asesinar a nadie y que ya no es como en sexenios pasados cuando el gobierno era el principal represor.<\/p>\n\n\n\n<blockquote class=\"wp-block-quote is-layout-flow wp-block-quote-is-layout-flow\"><p>\u201cYo estoy de acuerdo con que hay que manifestarse y nuestro respeto. Es nuestra responsabilidad cuidar a los periodistas&#8230; lo vamos a seguir haciendo. Lo \u00fanico que debe de considerarse es que nosotros no mandamos a aniquilar a nadie\u201d<\/p><\/blockquote>\n\n\n\n<p>Mientras tanto, en la misma conferencia \u2018La Ma\u00f1anera\u2019 de este mi\u00e9rcoles 16 de febrero, Ana Elizabeth Garc\u00eda Vilchis acus\u00f3, durante la secci\u00f3n \u201cQui\u00e9n es qui\u00e9n en las mentiras\u201d que en el Twitter Spaces realizado en defensa del periodista Carlos Loret de Mola participaron \u201cgranjas de bots\u201d extranjeras.<\/p>\n\n\n\n<blockquote class=\"wp-block-quote is-layout-flow wp-block-quote-is-layout-flow\"><p>\u201cExiste el ciberacarreo. Se organiz\u00f3 un espacio para crear una reuni\u00f3n virtual en Spaces. Se inform\u00f3 que estuvieron conectadas unas 60 mil personas simult\u00e1neamente. Sin embargo hay algunas denuncias de que intervinieron granjas robotizadas del extranjero\u201d<\/p><\/blockquote>\n\n\n\n<p>Por su parte, el jefe del Ejecutivo federal, respondi\u00f3 al Washington Post sobre el llamado que hizo a frenar los ataques hacia periodistas, por el caso de Loret de Mola.<\/p>\n\n\n\n<blockquote class=\"wp-block-quote is-layout-flow wp-block-quote-is-layout-flow\"><p>\u201cEstaba leyendo que el Wahington Post le est\u00e1 pidiendo al presidente Biden que me llame la atenci\u00f3n por el acoso a los periodistas&#8230; \u00bfqu\u00e9 no sabe c\u00f3mo funciona la mafia del poder en M\u00e9xico? \u00bfqu\u00e9 no sabe c\u00f3mo imperaba la corrupci\u00f3n? \u00bfc\u00f3mo un grupo se sent\u00edan los due\u00f1os de M\u00e9xico?\u201d<\/p><\/blockquote>\n\n\n\n<p>En ese sentido, AMLO declar\u00f3 que por \u00e9tica, los periodistas reconocidos como Carlos Loret de Mola, Carmen Aristegui y Jorge Ramos deber\u00edan informar cu\u00e1nto ganan, sin que tuviera que intervenir el Instituto Nacional de Transparencia, Acceso a la Informaci\u00f3n y Protecci\u00f3n de Datos Personales&nbsp; (INAI).<\/p>\n\n\n\n<blockquote class=\"wp-block-quote is-layout-flow wp-block-quote-is-layout-flow\"><p>\u201cSin necesidad de que intervenga transparencia, el INAI, por \u00e9tica ellos deber\u00edan informar cu\u00e1nto ganan: Loret, L\u00f3pez D\u00f3riga, Ciro, Carmen Aristegui, Jorge Ramos. A lo mejor lo de sus bienes no, aunque tambi\u00e9n ayudar\u00eda mucho saber. Representan a intereses creados\u201d<\/p><\/blockquote>\n\n\n\n<p><\/p>\n","protected":false},"excerpt":{"rendered":"<p>Este mi\u00e9rcoles al finalizar la conferencia de prensa del presidente Andr\u00e9s Manuel L\u00f3pez Obrador se guard\u00f3 un minuto de silencio en recuerdo a los reporteros asesinados en M\u00e9xico, que este &hellip; <a href=\"https:\/\/a3noticias.com.mx\/sandbox\/2022\/02\/16\/se-respetara-el-derecho-a-la-vida-de-periodistas-incluidos-los-mercenarios-amlo\/\" class=\"more-link\">Leer m\u00e1s<\/a><\/p>\n","protected":false},"author":2,"featured_media":18935,"comment_status":"open","ping_status":"open","sticky":false,"template":"","format":"standard","meta":{"_monsterinsights_skip_tracking":false,"_monsterinsights_sitenote_active":false,"_monsterinsights_sitenote_note":"","_monsterinsights_sitenote_category":0,"footnotes":""},"categories":[3],"tags":[],"class_list":["post-18934","post","type-post","status-publish","format-standard","has-post-thumbnail","hentry","category-nal","entry"],"aioseo_notices":[],"_links":{"self":[{"href":"https:\/\/a3noticias.com.mx\/sandbox\/wp-json\/wp\/v2\/posts\/18934","targetHints":{"allow":["GET"]}}],"collection":[{"href":"https:\/\/a3noticias.com.mx\/sandbox\/wp-json\/wp\/v2\/posts"}],"about":[{"href":"https:\/\/a3noticias.com.mx\/sandbox\/wp-json\/wp\/v2\/types\/post"}],"author":[{"embeddable":true,"href":"https:\/\/a3noticias.com.mx\/sandbox\/wp-json\/wp\/v2\/users\/2"}],"replies":[{"embeddable":true,"href":"https:\/\/a3noticias.com.mx\/sandbox\/wp-json\/wp\/v2\/comments?post=18934"}],"version-history":[{"count":2,"href":"https:\/\/a3noticias.com.mx\/sandbox\/wp-json\/wp\/v2\/posts\/18934\/revisions"}],"predecessor-version":[{"id":18946,"href":"https:\/\/a3noticias.com.mx\/sandbox\/wp-json\/wp\/v2\/posts\/18934\/revisions\/18946"}],"wp:featuredmedia":[{"embeddable":true,"href":"https:\/\/a3noticias.com.mx\/sandbox\/wp-json\/wp\/v2\/media\/18935"}],"wp:attachment":[{"href":"https:\/\/a3noticias.com.mx\/sandbox\/wp-json\/wp\/v2\/media?parent=18934"}],"wp:term":[{"taxonomy":"category","embeddable":true,"href":"https:\/\/a3noticias.com.mx\/sandbox\/wp-json\/wp\/v2\/categories?post=18934"},{"taxonomy":"post_tag","embeddable":true,"href":"https:\/\/a3noticias.com.mx\/sandbox\/wp-json\/wp\/v2\/tags?post=18934"}],"curies":[{"name":"wp","href":"https:\/\/api.w.org\/{rel}","templated":true}]}}