{"id":18937,"date":"2022-02-16T10:05:33","date_gmt":"2022-02-16T16:05:33","guid":{"rendered":"https:\/\/a3noticias.com.mx\/sandbox\/?p=18937"},"modified":"2022-02-16T10:05:35","modified_gmt":"2022-02-16T16:05:35","slug":"2022-podria-ser-el-ano-de-la-recuperacion-economica-para-el-sector-terciario-canaco","status":"publish","type":"post","link":"https:\/\/a3noticias.com.mx\/sandbox\/2022\/02\/16\/2022-podria-ser-el-ano-de-la-recuperacion-economica-para-el-sector-terciario-canaco\/","title":{"rendered":"2022 podr\u00eda ser el a\u00f1o de la recuperaci\u00f3n econ\u00f3mica para el sector terciario: Canaco"},"content":{"rendered":"\n<p>Luego de casi dos a\u00f1os de pandemia donde el sector comercial ha sido uno de los m\u00e1s afectados, con la reapertura de todos los espacios y la ampliaci\u00f3n en aforos y horarios permitidos, el 2022 se perfila como el a\u00f1o de la recuperaci\u00f3n econ\u00f3mica para el sector terciario de acuerdo con la C\u00e1mara Nacional del Comercio Servicios y Turismo (<strong>Canaco Servytur<\/strong>), en Quer\u00e9taro.<\/p>\n\n\n\n<p>Esto luego de que el pasado fin de semana se llegara a las expectativas previstas en derrama econ\u00f3mica e incrementaran las ventas y la ocupaci\u00f3n hotelera por las celebraciones del D\u00eda del Amor y la Amistad, y el Superbowl, lo que sum\u00f3 el 14 de febrero a\u00fan siendo lunes y previo a quincena, inform\u00f3 el Presidente de la Canaco, Fabi\u00e1n Camacho Arredondo.<\/p>\n\n\n\n<blockquote class=\"wp-block-quote is-layout-flow wp-block-quote-is-layout-flow\"><p>\u201cPara el sector comercio el 14 de febrero ha representado un tanque de ox\u00edgeno para esta cuesta de inicio de a\u00f1o, sobre todo porque se logr\u00f3 dinamizar un consumo importante el fin de semana, del 12 y 13 de febrero, y se sum\u00f3 al lunes 14 de febrero. Tambi\u00e9n impact\u00f3 de manera favorable el evento del S\u00faper Taz\u00f3n que contribuy\u00f3 para que este fin de semana se tuvieran resultados positivos de ventas\u201d, acot\u00f3.<\/p><\/blockquote>\n\n\n\n<p>Detall\u00f3 que con motivo del D\u00eda de San Valent\u00edn, el comercio local obtuvo una derrama econ\u00f3mica de 500 millones de pesos, lo que representa un incremento del 6 por ciento con respecto al mismo periodo, en 2021.&nbsp;<\/p>\n\n\n\n<p>Apunt\u00f3 que gracias a estas celebraciones las ventas se incrementaron un 20 por ciento en relaci\u00f3n con un fin de semana habitual y que los establecimientos de alimentos fueron los m\u00e1s beneficiados llegando a un 80 por ciento de ocupaci\u00f3n este 14 de febrero.<\/p>\n\n\n\n<blockquote class=\"wp-block-quote is-layout-flow wp-block-quote-is-layout-flow\"><p>\u201cRepresent\u00f3, para ser un lunes, un impacto econ\u00f3mico importante, considerando que es previo a quincena, este resultado positivo para el comercio da un tanque de ox\u00edgeno de cara a las pr\u00f3ximas fechas importantes dentro del calendario de consumo para el estado\u201d, explic\u00f3.<\/p><\/blockquote>\n\n\n\n<p>Asimismo, expres\u00f3 que este a\u00f1o podr\u00eda verse la recuperaci\u00f3n total en el sector que se ten\u00eda previo a la pandemia, pues dentro del primer trimestre del a\u00f1o se tienen previstas las vacaciones de Semana Santa, el D\u00eda del Ni\u00f1o, el D\u00eda de la Madre, entre otras fechas donde el sector comercial llevar\u00e1 a cabo acciones para fortalecer sus ingresos.<\/p>\n\n\n\n<blockquote class=\"wp-block-quote is-layout-flow wp-block-quote-is-layout-flow\"><p>\u201cTambi\u00e9n suma a la expectativa de que el 2022 sea el a\u00f1o en que pueda lograr la recuperaci\u00f3n total del sector terciario despu\u00e9s de la pandemia\u201d, refiri\u00f3.<\/p><\/blockquote>\n\n\n\n<p><\/p>\n","protected":false},"excerpt":{"rendered":"<p>Luego de casi dos a\u00f1os de pandemia donde el sector comercial ha sido uno de los m\u00e1s afectados, con la reapertura de todos los espacios y la ampliaci\u00f3n en aforos &hellip; <a href=\"https:\/\/a3noticias.com.mx\/sandbox\/2022\/02\/16\/2022-podria-ser-el-ano-de-la-recuperacion-economica-para-el-sector-terciario-canaco\/\" class=\"more-link\">Leer m\u00e1s<\/a><\/p>\n","protected":false},"author":4,"featured_media":18938,"comment_status":"open","ping_status":"open","sticky":false,"template":"","format":"standard","meta":{"_monsterinsights_skip_tracking":false,"_monsterinsights_sitenote_active":false,"_monsterinsights_sitenote_note":"","_monsterinsights_sitenote_category":0,"footnotes":""},"categories":[2],"tags":[],"class_list":["post-18937","post","type-post","status-publish","format-standard","has-post-thumbnail","hentry","category-qro","entry"],"aioseo_notices":[],"_links":{"self":[{"href":"https:\/\/a3noticias.com.mx\/sandbox\/wp-json\/wp\/v2\/posts\/18937","targetHints":{"allow":["GET"]}}],"collection":[{"href":"https:\/\/a3noticias.com.mx\/sandbox\/wp-json\/wp\/v2\/posts"}],"about":[{"href":"https:\/\/a3noticias.com.mx\/sandbox\/wp-json\/wp\/v2\/types\/post"}],"author":[{"embeddable":true,"href":"https:\/\/a3noticias.com.mx\/sandbox\/wp-json\/wp\/v2\/users\/4"}],"replies":[{"embeddable":true,"href":"https:\/\/a3noticias.com.mx\/sandbox\/wp-json\/wp\/v2\/comments?post=18937"}],"version-history":[{"count":1,"href":"https:\/\/a3noticias.com.mx\/sandbox\/wp-json\/wp\/v2\/posts\/18937\/revisions"}],"predecessor-version":[{"id":18939,"href":"https:\/\/a3noticias.com.mx\/sandbox\/wp-json\/wp\/v2\/posts\/18937\/revisions\/18939"}],"wp:featuredmedia":[{"embeddable":true,"href":"https:\/\/a3noticias.com.mx\/sandbox\/wp-json\/wp\/v2\/media\/18938"}],"wp:attachment":[{"href":"https:\/\/a3noticias.com.mx\/sandbox\/wp-json\/wp\/v2\/media?parent=18937"}],"wp:term":[{"taxonomy":"category","embeddable":true,"href":"https:\/\/a3noticias.com.mx\/sandbox\/wp-json\/wp\/v2\/categories?post=18937"},{"taxonomy":"post_tag","embeddable":true,"href":"https:\/\/a3noticias.com.mx\/sandbox\/wp-json\/wp\/v2\/tags?post=18937"}],"curies":[{"name":"wp","href":"https:\/\/api.w.org\/{rel}","templated":true}]}}