{"id":18951,"date":"2022-02-16T12:08:46","date_gmt":"2022-02-16T18:08:46","guid":{"rendered":"https:\/\/a3noticias.com.mx\/sandbox\/?p=18951"},"modified":"2022-02-16T12:08:55","modified_gmt":"2022-02-16T18:08:55","slug":"en-rueda-de-prensa-de-morena-periodistas-queretanos-les-dan-la-espalda-como-protesta","status":"publish","type":"post","link":"https:\/\/a3noticias.com.mx\/sandbox\/2022\/02\/16\/en-rueda-de-prensa-de-morena-periodistas-queretanos-les-dan-la-espalda-como-protesta\/","title":{"rendered":"En rueda de prensa de Morena, periodistas queretanos les dan la espalda como protesta."},"content":{"rendered":"\n<p>Periodistas queretanos que se encontraban cubriendo una rueda de prensa de la dirigencia estatal de Morena, dieron la espalda y apagaron c\u00e1maras en solidaridad con el movimiento nacional de este gremio, el cual fue iniciado ayer en el Senado, la C\u00e1mara de Diputados y durante la ma\u00f1anera de este mi\u00e9rcoles.<\/p>\n\n\n\n<p>El periodista Facundo Ugalde tom\u00f3 la palabra durante la rueda de prensa convocada por el dirigente estatal del partido, Mauricio Ruiz Ol\u00e1es, exhort\u00f3 a sus compa\u00f1eros a no hacer preguntas y exigir a la 4T un alto a la violencia en contra de los periodistas de todo el pa\u00eds, as\u00ed como pidi\u00f3 al lider morenista que no se permita que esos actos se presenten en la entidad.&nbsp;<\/p>\n\n\n\n<blockquote class=\"wp-block-quote is-layout-flow wp-block-quote-is-layout-flow\"><p>\u201cHoy no queremos hacerles ninguna pregunta, les agradecemos la rueda de prensa, pero hoy no hay preguntas para Morena en Quer\u00e9taro, porque estamos en desacuerdo con lo que est\u00e1 ocurriendo en el pa\u00eds, con esas violaciones constantes a los derechos humanos, en donde p\u00fablicamente el presidente en la pantalla y a nivel nacional violenta los articulados de la constituci\u00f3n pol\u00edtica que aqu\u00ed fue promulgada\u201d.<\/p><\/blockquote>\n\n\n\n<p>La rueda de prensa originalmente era para denunciar que el diputado federal del Partido Acci\u00f3n Nacional, Felipe Fernando \u2018FeliFer\u2019 Mac\u00edas, est\u00e1 haciendo actos anticipados de campa\u00f1a, as\u00ed como promoci\u00f3n personalizada.&nbsp;<\/p>\n","protected":false},"excerpt":{"rendered":"<p>Periodistas queretanos que se encontraban cubriendo una rueda de prensa de la dirigencia estatal de Morena, dieron la espalda y apagaron c\u00e1maras en solidaridad con el movimiento nacional de este &hellip; <a href=\"https:\/\/a3noticias.com.mx\/sandbox\/2022\/02\/16\/en-rueda-de-prensa-de-morena-periodistas-queretanos-les-dan-la-espalda-como-protesta\/\" class=\"more-link\">Leer m\u00e1s<\/a><\/p>\n","protected":false},"author":2,"featured_media":18952,"comment_status":"open","ping_status":"open","sticky":false,"template":"","format":"standard","meta":{"_monsterinsights_skip_tracking":false,"_monsterinsights_sitenote_active":false,"_monsterinsights_sitenote_note":"","_monsterinsights_sitenote_category":0,"footnotes":""},"categories":[2],"tags":[],"class_list":["post-18951","post","type-post","status-publish","format-standard","has-post-thumbnail","hentry","category-qro","entry"],"aioseo_notices":[],"_links":{"self":[{"href":"https:\/\/a3noticias.com.mx\/sandbox\/wp-json\/wp\/v2\/posts\/18951","targetHints":{"allow":["GET"]}}],"collection":[{"href":"https:\/\/a3noticias.com.mx\/sandbox\/wp-json\/wp\/v2\/posts"}],"about":[{"href":"https:\/\/a3noticias.com.mx\/sandbox\/wp-json\/wp\/v2\/types\/post"}],"author":[{"embeddable":true,"href":"https:\/\/a3noticias.com.mx\/sandbox\/wp-json\/wp\/v2\/users\/2"}],"replies":[{"embeddable":true,"href":"https:\/\/a3noticias.com.mx\/sandbox\/wp-json\/wp\/v2\/comments?post=18951"}],"version-history":[{"count":1,"href":"https:\/\/a3noticias.com.mx\/sandbox\/wp-json\/wp\/v2\/posts\/18951\/revisions"}],"predecessor-version":[{"id":18953,"href":"https:\/\/a3noticias.com.mx\/sandbox\/wp-json\/wp\/v2\/posts\/18951\/revisions\/18953"}],"wp:featuredmedia":[{"embeddable":true,"href":"https:\/\/a3noticias.com.mx\/sandbox\/wp-json\/wp\/v2\/media\/18952"}],"wp:attachment":[{"href":"https:\/\/a3noticias.com.mx\/sandbox\/wp-json\/wp\/v2\/media?parent=18951"}],"wp:term":[{"taxonomy":"category","embeddable":true,"href":"https:\/\/a3noticias.com.mx\/sandbox\/wp-json\/wp\/v2\/categories?post=18951"},{"taxonomy":"post_tag","embeddable":true,"href":"https:\/\/a3noticias.com.mx\/sandbox\/wp-json\/wp\/v2\/tags?post=18951"}],"curies":[{"name":"wp","href":"https:\/\/api.w.org\/{rel}","templated":true}]}}