{"id":18961,"date":"2022-02-17T09:44:37","date_gmt":"2022-02-17T15:44:37","guid":{"rendered":"https:\/\/a3noticias.com.mx\/sandbox\/?p=18961"},"modified":"2022-02-17T09:44:41","modified_gmt":"2022-02-17T15:44:41","slug":"oficinas-de-la-cea-no-seran-reubicadas","status":"publish","type":"post","link":"https:\/\/a3noticias.com.mx\/sandbox\/2022\/02\/17\/oficinas-de-la-cea-no-seran-reubicadas\/","title":{"rendered":"Oficinas de la CEA no ser\u00e1n reubicadas"},"content":{"rendered":"\n<p>Luego de que el Gobernador del estado, Mauricio Kuri Gonz\u00e1lez, anunciara que la Secretar\u00eda de Seguridad Ciudadana tendr\u00eda nuevas instalaciones en 5 de febrero, el comisionado de Entidades Paraestatales, Gerardo de la Garza Pedraza, inform\u00f3 que no ser\u00e1n retiradas las oficinas de la Comisi\u00f3n Estatal del Agua (CEA) para su construcci\u00f3n, sino que es probable que compartan espacio ambas dependencias.<\/p>\n\n\n\n<p>De acuerdo con De la Garza Pedraza, en el terreno donde se ubican las oficinas de la CEA hay suficiente espacio para construir los edificios anunciados como parte del programa estatal de seguridad por el Gobernador Mauricio Kuri, el pasado 24 de enero.<\/p>\n\n\n\n<blockquote class=\"wp-block-quote is-layout-flow wp-block-quote-is-layout-flow\"><p>\u201cRealmente el terreno, el espacio es muy amplio, hay posibilidad de que contin\u00faen por ah\u00ed\u201d, refiri\u00f3.<\/p><\/blockquote>\n\n\n\n<p>Asimismo, detall\u00f3 que a\u00fan se encuentran en revisi\u00f3n los espacios que podr\u00edan ocuparse para la construcci\u00f3n de las nuevas instalaciones del complejo, que contemplan un edificio de inteligencia y otro de capacitaci\u00f3n&nbsp;de elementos policiales.<\/p>\n\n\n\n<blockquote class=\"wp-block-quote is-layout-flow wp-block-quote-is-layout-flow\"><p>\u201cHay un espacio, que hay una cancha de futbol, y ah\u00ed hay un proyecto que est\u00e1 pensado hacerlo ah\u00ed; sin embargo, nada est\u00e1 todav\u00eda definido se est\u00e1n estudiando los espacios para que tomen la decisi\u00f3n\u201d, apunt\u00f3.<\/p><\/blockquote>\n","protected":false},"excerpt":{"rendered":"<p>Luego de que el Gobernador del estado, Mauricio Kuri Gonz\u00e1lez, anunciara que la Secretar\u00eda de Seguridad Ciudadana tendr\u00eda nuevas instalaciones en 5 de febrero, el comisionado de Entidades Paraestatales, Gerardo &hellip; <a href=\"https:\/\/a3noticias.com.mx\/sandbox\/2022\/02\/17\/oficinas-de-la-cea-no-seran-reubicadas\/\" class=\"more-link\">Leer m\u00e1s<\/a><\/p>\n","protected":false},"author":4,"featured_media":18962,"comment_status":"open","ping_status":"open","sticky":false,"template":"","format":"standard","meta":{"_monsterinsights_skip_tracking":false,"_monsterinsights_sitenote_active":false,"_monsterinsights_sitenote_note":"","_monsterinsights_sitenote_category":0,"footnotes":""},"categories":[2],"tags":[],"class_list":["post-18961","post","type-post","status-publish","format-standard","has-post-thumbnail","hentry","category-qro","entry"],"aioseo_notices":[],"_links":{"self":[{"href":"https:\/\/a3noticias.com.mx\/sandbox\/wp-json\/wp\/v2\/posts\/18961","targetHints":{"allow":["GET"]}}],"collection":[{"href":"https:\/\/a3noticias.com.mx\/sandbox\/wp-json\/wp\/v2\/posts"}],"about":[{"href":"https:\/\/a3noticias.com.mx\/sandbox\/wp-json\/wp\/v2\/types\/post"}],"author":[{"embeddable":true,"href":"https:\/\/a3noticias.com.mx\/sandbox\/wp-json\/wp\/v2\/users\/4"}],"replies":[{"embeddable":true,"href":"https:\/\/a3noticias.com.mx\/sandbox\/wp-json\/wp\/v2\/comments?post=18961"}],"version-history":[{"count":1,"href":"https:\/\/a3noticias.com.mx\/sandbox\/wp-json\/wp\/v2\/posts\/18961\/revisions"}],"predecessor-version":[{"id":18963,"href":"https:\/\/a3noticias.com.mx\/sandbox\/wp-json\/wp\/v2\/posts\/18961\/revisions\/18963"}],"wp:featuredmedia":[{"embeddable":true,"href":"https:\/\/a3noticias.com.mx\/sandbox\/wp-json\/wp\/v2\/media\/18962"}],"wp:attachment":[{"href":"https:\/\/a3noticias.com.mx\/sandbox\/wp-json\/wp\/v2\/media?parent=18961"}],"wp:term":[{"taxonomy":"category","embeddable":true,"href":"https:\/\/a3noticias.com.mx\/sandbox\/wp-json\/wp\/v2\/categories?post=18961"},{"taxonomy":"post_tag","embeddable":true,"href":"https:\/\/a3noticias.com.mx\/sandbox\/wp-json\/wp\/v2\/tags?post=18961"}],"curies":[{"name":"wp","href":"https:\/\/api.w.org\/{rel}","templated":true}]}}