{"id":18964,"date":"2022-02-17T09:57:04","date_gmt":"2022-02-17T15:57:04","guid":{"rendered":"https:\/\/a3noticias.com.mx\/sandbox\/?p=18964"},"modified":"2022-02-17T09:57:06","modified_gmt":"2022-02-17T15:57:06","slug":"inai-responde-a-amlo-dice-no-tener-facultades-para-investigar-riqueza-de-loret","status":"publish","type":"post","link":"https:\/\/a3noticias.com.mx\/sandbox\/2022\/02\/17\/inai-responde-a-amlo-dice-no-tener-facultades-para-investigar-riqueza-de-loret\/","title":{"rendered":"INAI responde a AMLO, dice no tener facultades para investigar riqueza de Loret."},"content":{"rendered":"\n<p>Luego de que el pasado 14 de febrero, el presidente, Andr\u00e9s Manuel L\u00f3pez Obrador, solicitara al Instituto Nacional de Transparencia, Acceso a la Informaci\u00f3n y Protecci\u00f3n de Datos Personales (INAI) que revelara el origen de los sueldos que recibe el periodista Carlos Loret de Mola, el organismo aut\u00f3nomo rechaz\u00f3 dicha solicitud, pues afirman que no cuentan con facultades para atender la solicitud.&nbsp;<\/p>\n\n\n\n<blockquote class=\"wp-block-quote is-layout-flow wp-block-quote-is-layout-flow\"><p>\u201cEn referencia a su petici\u00f3n consistente en que este Instituto lleve a cabo una investigaci\u00f3n para hacer p\u00fablicas las percepciones, los bienes y el origen de la riqueza que posee el se\u00f1or Carlos Loret de Mola, socios y familiares, se le informa que el INAI no cuenta con facultades constitucionales ni legales para realizar investigaciones como la solicitada\u201d<\/p><\/blockquote>\n\n\n\n<p>El instituto aut\u00f3nomo exigi\u00f3 que todas las instituciones p\u00fablicas deben respetar la confidencialidad y lo que indican los art\u00edculos 6 y 16 de la Constituci\u00f3n, en los que precisan que la vida privada y datos personales ser\u00e1n protegidos, adem\u00e1s de que las personas tienen derecho a que se respete eso.&nbsp;<\/p>\n\n\n\n<blockquote class=\"wp-block-quote is-layout-flow wp-block-quote-is-layout-flow\"><p>\u201cCualquier autoridad del Estado mexicano tiene el deber y la obligaci\u00f3n de garantizar la protecci\u00f3n de datos personales que tenga en su posesi\u00f3n como consecuencia del ejercicio de sus atribuciones\u201d.<\/p><\/blockquote>\n\n\n\n<p>Asimismo el INAI tambi\u00e9n explic\u00f3 a L\u00f3pez Obrador que los datos personales pueden ser publicados \u00fanicamente con el consentimiento previo de la persona en cuesti\u00f3n, el cual debe otorgarse de forma libre, espec\u00edfica e informada y, en algunos casos, de manera expresa.<\/p>\n\n\n\n<p>Sin embargo, la consejera Blanca Lilia Ibarra, sugiri\u00f3 al mandatario que su solicitud de informaci\u00f3n sea dirigida a distintas entidades p\u00fablicas \u2014v\u00eda la Plataforma Nacional de Transparencia\u2014, como el Servicio de Administraci\u00f3n Tributaria, la Unidad de Inteligencia Financiera y Registros P\u00fablicos de la Propiedad, entre otros.&nbsp;<\/p>\n\n\n\n<p>Esto para que el INAI est\u00e9 en posibilidad de pronunciarse sobre la publicidad o eventual clasificaci\u00f3n de la informaci\u00f3n sobre los recursos econ\u00f3micos de Carlos Loret.\u00a0<\/p>\n\n\n\n<figure class=\"wp-block-embed-twitter wp-block-embed is-type-rich is-provider-twitter\"><div class=\"wp-block-embed__wrapper\">\n<blockquote class=\"twitter-tweet\" data-width=\"550\" data-dnt=\"true\"><p lang=\"es\" dir=\"ltr\">El INAI hace del conocimiento p\u00fablico la respuesta institucional a la carta enviada por el Presidente de la Rep\u00fablica.<a href=\"https:\/\/twitter.com\/hashtag\/ElINAIesdeTodasyTodos?src=hash&amp;ref_src=twsrc%5Etfw\">#ElINAIesdeTodasyTodos<\/a> <a href=\"https:\/\/t.co\/vAtcNlowhS\">pic.twitter.com\/vAtcNlowhS<\/a><\/p>&mdash; INAI (@INAImexico) <a href=\"https:\/\/twitter.com\/INAImexico\/status\/1494033120135458817?ref_src=twsrc%5Etfw\">February 16, 2022<\/a><\/blockquote><script async src=\"https:\/\/platform.twitter.com\/widgets.js\" charset=\"utf-8\"><\/script>\n<\/div><\/figure>\n","protected":false},"excerpt":{"rendered":"<p>Luego de que el pasado 14 de febrero, el presidente, Andr\u00e9s Manuel L\u00f3pez Obrador, solicitara al Instituto Nacional de Transparencia, Acceso a la Informaci\u00f3n y Protecci\u00f3n de Datos Personales (INAI) &hellip; <a href=\"https:\/\/a3noticias.com.mx\/sandbox\/2022\/02\/17\/inai-responde-a-amlo-dice-no-tener-facultades-para-investigar-riqueza-de-loret\/\" class=\"more-link\">Leer m\u00e1s<\/a><\/p>\n","protected":false},"author":2,"featured_media":18965,"comment_status":"open","ping_status":"open","sticky":false,"template":"","format":"standard","meta":{"_monsterinsights_skip_tracking":false,"_monsterinsights_sitenote_active":false,"_monsterinsights_sitenote_note":"","_monsterinsights_sitenote_category":0,"footnotes":""},"categories":[3],"tags":[],"class_list":["post-18964","post","type-post","status-publish","format-standard","has-post-thumbnail","hentry","category-nal","entry"],"aioseo_notices":[],"_links":{"self":[{"href":"https:\/\/a3noticias.com.mx\/sandbox\/wp-json\/wp\/v2\/posts\/18964","targetHints":{"allow":["GET"]}}],"collection":[{"href":"https:\/\/a3noticias.com.mx\/sandbox\/wp-json\/wp\/v2\/posts"}],"about":[{"href":"https:\/\/a3noticias.com.mx\/sandbox\/wp-json\/wp\/v2\/types\/post"}],"author":[{"embeddable":true,"href":"https:\/\/a3noticias.com.mx\/sandbox\/wp-json\/wp\/v2\/users\/2"}],"replies":[{"embeddable":true,"href":"https:\/\/a3noticias.com.mx\/sandbox\/wp-json\/wp\/v2\/comments?post=18964"}],"version-history":[{"count":1,"href":"https:\/\/a3noticias.com.mx\/sandbox\/wp-json\/wp\/v2\/posts\/18964\/revisions"}],"predecessor-version":[{"id":18966,"href":"https:\/\/a3noticias.com.mx\/sandbox\/wp-json\/wp\/v2\/posts\/18964\/revisions\/18966"}],"wp:featuredmedia":[{"embeddable":true,"href":"https:\/\/a3noticias.com.mx\/sandbox\/wp-json\/wp\/v2\/media\/18965"}],"wp:attachment":[{"href":"https:\/\/a3noticias.com.mx\/sandbox\/wp-json\/wp\/v2\/media?parent=18964"}],"wp:term":[{"taxonomy":"category","embeddable":true,"href":"https:\/\/a3noticias.com.mx\/sandbox\/wp-json\/wp\/v2\/categories?post=18964"},{"taxonomy":"post_tag","embeddable":true,"href":"https:\/\/a3noticias.com.mx\/sandbox\/wp-json\/wp\/v2\/tags?post=18964"}],"curies":[{"name":"wp","href":"https:\/\/api.w.org\/{rel}","templated":true}]}}