{"id":18970,"date":"2022-02-17T11:18:56","date_gmt":"2022-02-17T17:18:56","guid":{"rendered":"https:\/\/a3noticias.com.mx\/sandbox\/?p=18970"},"modified":"2022-02-17T11:24:59","modified_gmt":"2022-02-17T17:24:59","slug":"presentan-8va-edicion-del-festival-de-la-lengua-arte-y-cultura-otomi","status":"publish","type":"post","link":"https:\/\/a3noticias.com.mx\/sandbox\/2022\/02\/17\/presentan-8va-edicion-del-festival-de-la-lengua-arte-y-cultura-otomi\/","title":{"rendered":"Presentan 8va edici\u00f3n del Festival de la Lengua, Arte y Cultura Otom\u00ed."},"content":{"rendered":"\n<p>Con la intenci\u00f3n de difundir la importancia de las comunidades ind\u00edgenas de M\u00e9xico y sobre todo crear conciencia sobre las lenguas maternas que est\u00e1n en peligro de extinci\u00f3n, presentaron la octava edici\u00f3n del Festival de la Lengua, Arte y Cultura Otom\u00ed (FLACO).<\/p>\n\n\n\n<p>Dicho festival se realiza en el marco del D\u00eda Internacional de la Lengua Materna, que se conmemora el 21 de febrero, promulgado por la UNESCO en 1999.<\/p>\n\n\n\n<p>De acuerdo con Roberto Aurelio N\u00fa\u00f1ez L\u00f3pez, presidente del comit\u00e9 organizador del festival, se\u00f1al\u00f3 que se tendr\u00e1n m\u00e1s de 100 expositores, 30 conferencias y 8 exposiciones de pintura y fotograf\u00eda.<\/p>\n\n\n\n<p>El FLACO ha trascendido a nivel internacional y ha contado con la presencia de invitados de otros pa\u00edses. En esta edici\u00f3n el pa\u00eds invitado ser\u00e1 Bolivia y el estado invitado, Puebla.<\/p>\n\n\n\n<p>Se llevar\u00e1 a cabo del 21 de febrero al 4 de marzo, teniendo como sedes la Facultad de Filosof\u00eda de la Universidad Aut\u00f3noma de Quer\u00e9taro (UAQ), el Centro Cultural Manuel G\u00f3mez Mor\u00edn y el Museo de los Conspiradores.<\/p>\n\n\n\n<figure class=\"wp-block-image size-full\"><img loading=\"lazy\" decoding=\"async\" width=\"1063\" height=\"1769\" src=\"https:\/\/a3noticias.com.mx\/sandbox\/wp-content\/uploads\/2022\/02\/8-festival-1.jpeg\" alt=\"\" class=\"wp-image-18976\" srcset=\"https:\/\/a3noticias.com.mx\/sandbox\/wp-content\/uploads\/2022\/02\/8-festival-1.jpeg 1063w, https:\/\/a3noticias.com.mx\/sandbox\/wp-content\/uploads\/2022\/02\/8-festival-1-180x300.jpeg 180w, https:\/\/a3noticias.com.mx\/sandbox\/wp-content\/uploads\/2022\/02\/8-festival-1-54x90.jpeg 54w, https:\/\/a3noticias.com.mx\/sandbox\/wp-content\/uploads\/2022\/02\/8-festival-1-768x1278.jpeg 768w, https:\/\/a3noticias.com.mx\/sandbox\/wp-content\/uploads\/2022\/02\/8-festival-1-923x1536.jpeg 923w\" sizes=\"auto, (max-width: 1063px) 100vw, 1063px\" \/><\/figure>\n","protected":false},"excerpt":{"rendered":"<p>Con la intenci\u00f3n de difundir la importancia de las comunidades ind\u00edgenas de M\u00e9xico y sobre todo crear conciencia sobre las lenguas maternas que est\u00e1n en peligro de extinci\u00f3n, presentaron la &hellip; <a href=\"https:\/\/a3noticias.com.mx\/sandbox\/2022\/02\/17\/presentan-8va-edicion-del-festival-de-la-lengua-arte-y-cultura-otomi\/\" class=\"more-link\">Leer m\u00e1s<\/a><\/p>\n","protected":false},"author":2,"featured_media":18973,"comment_status":"open","ping_status":"open","sticky":false,"template":"","format":"standard","meta":{"_monsterinsights_skip_tracking":false,"_monsterinsights_sitenote_active":false,"_monsterinsights_sitenote_note":"","_monsterinsights_sitenote_category":0,"footnotes":""},"categories":[2],"tags":[],"class_list":["post-18970","post","type-post","status-publish","format-standard","has-post-thumbnail","hentry","category-qro","entry"],"aioseo_notices":[],"_links":{"self":[{"href":"https:\/\/a3noticias.com.mx\/sandbox\/wp-json\/wp\/v2\/posts\/18970","targetHints":{"allow":["GET"]}}],"collection":[{"href":"https:\/\/a3noticias.com.mx\/sandbox\/wp-json\/wp\/v2\/posts"}],"about":[{"href":"https:\/\/a3noticias.com.mx\/sandbox\/wp-json\/wp\/v2\/types\/post"}],"author":[{"embeddable":true,"href":"https:\/\/a3noticias.com.mx\/sandbox\/wp-json\/wp\/v2\/users\/2"}],"replies":[{"embeddable":true,"href":"https:\/\/a3noticias.com.mx\/sandbox\/wp-json\/wp\/v2\/comments?post=18970"}],"version-history":[{"count":2,"href":"https:\/\/a3noticias.com.mx\/sandbox\/wp-json\/wp\/v2\/posts\/18970\/revisions"}],"predecessor-version":[{"id":18977,"href":"https:\/\/a3noticias.com.mx\/sandbox\/wp-json\/wp\/v2\/posts\/18970\/revisions\/18977"}],"wp:featuredmedia":[{"embeddable":true,"href":"https:\/\/a3noticias.com.mx\/sandbox\/wp-json\/wp\/v2\/media\/18973"}],"wp:attachment":[{"href":"https:\/\/a3noticias.com.mx\/sandbox\/wp-json\/wp\/v2\/media?parent=18970"}],"wp:term":[{"taxonomy":"category","embeddable":true,"href":"https:\/\/a3noticias.com.mx\/sandbox\/wp-json\/wp\/v2\/categories?post=18970"},{"taxonomy":"post_tag","embeddable":true,"href":"https:\/\/a3noticias.com.mx\/sandbox\/wp-json\/wp\/v2\/tags?post=18970"}],"curies":[{"name":"wp","href":"https:\/\/api.w.org\/{rel}","templated":true}]}}