{"id":18981,"date":"2022-02-17T11:34:01","date_gmt":"2022-02-17T17:34:01","guid":{"rendered":"https:\/\/a3noticias.com.mx\/sandbox\/?p=18981"},"modified":"2022-02-17T11:34:12","modified_gmt":"2022-02-17T17:34:12","slug":"nuevo-titular-de-ddhq-se-reune-con-gobernador-del-estado","status":"publish","type":"post","link":"https:\/\/a3noticias.com.mx\/sandbox\/2022\/02\/17\/nuevo-titular-de-ddhq-se-reune-con-gobernador-del-estado\/","title":{"rendered":"Nuevo titular de DDHQ se re\u00fane con gobernador del Estado."},"content":{"rendered":"\n<p>Tras haber sido elegido, el pasado jueves, como titular de la Defensor\u00eda de los Derechos Humanos, Javier Rascado P\u00e9rez, sostuvo una reuni\u00f3n con el gobernador del estado, Mauricio Kuri Gonz\u00e1lez.<\/p>\n\n\n\n<blockquote class=\"wp-block-quote is-layout-flow wp-block-quote-is-layout-flow\"><p>\u201cMe reun\u00ed con el nuevo titular de la Defensor\u00eda de los Derechos Humanos, el Dr. Javier Rascado. Coincidimos en construir una agenda com\u00fan a partir del di\u00e1logo entre el gobierno, los organismos aut\u00f3nomos y la sociedad civil, para garantizar y proteger las garant\u00edas de las y los queretanos\u201d<\/p><\/blockquote>\n\n\n\n<figure class=\"wp-block-embed-twitter wp-block-embed is-type-rich is-provider-twitter\"><div class=\"wp-block-embed__wrapper\">\n<blockquote class=\"twitter-tweet\" data-width=\"550\" data-dnt=\"true\"><p lang=\"es\" dir=\"ltr\">Me reun\u00ed con el nuevo titular de la Defensor\u00eda de los Derechos Humanos, <a href=\"https:\/\/twitter.com\/javierascado?ref_src=twsrc%5Etfw\">@javierascado<\/a>. Coincidimos en construir una agenda com\u00fan a partir del di\u00e1logo entre el gobierno, los organismos aut\u00f3nomos y la sociedad civil, para garantizar y proteger las garant\u00edas de las y los queretanos. <a href=\"https:\/\/t.co\/dRZm3vPmLj\">pic.twitter.com\/dRZm3vPmLj<\/a><\/p>&mdash; Mauricio Kuri (@makugo) <a href=\"https:\/\/twitter.com\/makugo\/status\/1494169355055247362?ref_src=twsrc%5Etfw\">February 17, 2022<\/a><\/blockquote><script async src=\"https:\/\/platform.twitter.com\/widgets.js\" charset=\"utf-8\"><\/script>\n<\/div><\/figure>\n\n\n\n<p>El mandatario estatal en alg\u00fan momento coment\u00f3 que siempre hay retos en derechos humanos y que estos son cada vez m\u00e1s progresivos, por lo que manifest\u00f3 su inter\u00e9s por coadyuvar en el respeto a los derechos.&nbsp;<\/p>\n","protected":false},"excerpt":{"rendered":"<p>Tras haber sido elegido, el pasado jueves, como titular de la Defensor\u00eda de los Derechos Humanos, Javier Rascado P\u00e9rez, sostuvo una reuni\u00f3n con el gobernador del estado, Mauricio Kuri Gonz\u00e1lez. &hellip; <a href=\"https:\/\/a3noticias.com.mx\/sandbox\/2022\/02\/17\/nuevo-titular-de-ddhq-se-reune-con-gobernador-del-estado\/\" class=\"more-link\">Leer m\u00e1s<\/a><\/p>\n","protected":false},"author":2,"featured_media":18982,"comment_status":"open","ping_status":"open","sticky":false,"template":"","format":"standard","meta":{"_monsterinsights_skip_tracking":false,"_monsterinsights_sitenote_active":false,"_monsterinsights_sitenote_note":"","_monsterinsights_sitenote_category":0,"footnotes":""},"categories":[2],"tags":[],"class_list":["post-18981","post","type-post","status-publish","format-standard","has-post-thumbnail","hentry","category-qro","entry"],"aioseo_notices":[],"_links":{"self":[{"href":"https:\/\/a3noticias.com.mx\/sandbox\/wp-json\/wp\/v2\/posts\/18981","targetHints":{"allow":["GET"]}}],"collection":[{"href":"https:\/\/a3noticias.com.mx\/sandbox\/wp-json\/wp\/v2\/posts"}],"about":[{"href":"https:\/\/a3noticias.com.mx\/sandbox\/wp-json\/wp\/v2\/types\/post"}],"author":[{"embeddable":true,"href":"https:\/\/a3noticias.com.mx\/sandbox\/wp-json\/wp\/v2\/users\/2"}],"replies":[{"embeddable":true,"href":"https:\/\/a3noticias.com.mx\/sandbox\/wp-json\/wp\/v2\/comments?post=18981"}],"version-history":[{"count":2,"href":"https:\/\/a3noticias.com.mx\/sandbox\/wp-json\/wp\/v2\/posts\/18981\/revisions"}],"predecessor-version":[{"id":18984,"href":"https:\/\/a3noticias.com.mx\/sandbox\/wp-json\/wp\/v2\/posts\/18981\/revisions\/18984"}],"wp:featuredmedia":[{"embeddable":true,"href":"https:\/\/a3noticias.com.mx\/sandbox\/wp-json\/wp\/v2\/media\/18982"}],"wp:attachment":[{"href":"https:\/\/a3noticias.com.mx\/sandbox\/wp-json\/wp\/v2\/media?parent=18981"}],"wp:term":[{"taxonomy":"category","embeddable":true,"href":"https:\/\/a3noticias.com.mx\/sandbox\/wp-json\/wp\/v2\/categories?post=18981"},{"taxonomy":"post_tag","embeddable":true,"href":"https:\/\/a3noticias.com.mx\/sandbox\/wp-json\/wp\/v2\/tags?post=18981"}],"curies":[{"name":"wp","href":"https:\/\/api.w.org\/{rel}","templated":true}]}}