{"id":19002,"date":"2022-02-18T10:00:37","date_gmt":"2022-02-18T16:00:37","guid":{"rendered":"https:\/\/a3noticias.com.mx\/sandbox\/?p=19002"},"modified":"2022-02-18T10:00:40","modified_gmt":"2022-02-18T16:00:40","slug":"amlo-insiste-en-querer-dar-a-conocer-salario-de-carlos-loret-de-mola","status":"publish","type":"post","link":"https:\/\/a3noticias.com.mx\/sandbox\/2022\/02\/18\/amlo-insiste-en-querer-dar-a-conocer-salario-de-carlos-loret-de-mola\/","title":{"rendered":"AMLO insiste en querer dar a conocer salario de Carlos Loret de Mola."},"content":{"rendered":"\n<p>Luego de que en el medio de comunicaci\u00f3n Reforma se public\u00f3 que el presidente, Andr\u00e9s Manuel L\u00f3pez Obrador,&nbsp; amenaz\u00f3 al grupo y a su due\u00f1o Alejandro Junco en \u2018La Ma\u00f1anera\u2019 de ayer, \u00e9ste respondi\u00f3 negando que haya sido as\u00ed.<\/p>\n\n\n\n<blockquote class=\"wp-block-quote is-layout-flow wp-block-quote-is-layout-flow\"><p>\u201cHoy aparece en el peri\u00f3dico Reforma que los amenac\u00e9 a los del peri\u00f3dico, a Alejandro Junco. Lo \u00fanico que mencion\u00e9 y eso es de dominio p\u00fablico es que se trata de un medio al servicio de la mafia del poder. El Reforma se consolid\u00f3 en el sexenio de Salinas de Gortari\u201d<\/p><\/blockquote>\n\n\n\n<p>Mientras tanto, el jefe del Ejecutivo contin\u00faa reiterando el reto al periodista Carlos Loret de Mola de dar a conocer las pruebas de que gana m\u00e1s de 35 millones de pesos anuales.<\/p>\n\n\n\n<blockquote class=\"wp-block-quote is-layout-flow wp-block-quote-is-layout-flow\"><p>\u201cAyer hice un llamado respetuoso a Loret de Mola para si no tiene inconveniente me permita dar a conocer las pruebas que tengo de que gana 35 millones 200 mil pesos al a\u00f1o. Casi 3 millones de pesos mensuales. Ojal\u00e1 y lo acepte\u201d<\/p><\/blockquote>\n\n\n\n<p>En ese sentido, lament\u00f3 que el Instituto Nacional de Transparencia, Acceso a la Informaci\u00f3n y Protecci\u00f3n de Datos Personales (INAI) no le haya permitido revelar la informaci\u00f3n argumentando que es informaci\u00f3n privada.<\/p>\n\n\n\n<p>Por otro lado respondi\u00f3 las pol\u00e9micas declaraciones del\u00a0senador estadounidense Ted Cruz, quien lo acus\u00f3 de intimidar a periodistas, apunt\u00f3 que el legislador est\u00e1 en contra de la pol\u00edtica en favor del pueblo de M\u00e9xico, as\u00ed como de los connacionales que residen en Estados Unidos.<\/p>\n\n\n\n<blockquote class=\"wp-block-quote is-layout-flow wp-block-quote-is-layout-flow\"><p>\u201cEs natural que este senador de Texas que no est\u00e1 de acuerdo con nosotros, se expresa como lo hizo. \u00c9l est\u00e1 en contra de la pol\u00edtica que estamos llevando a cabo en favor del pueblo de M\u00e9xico y en defensa de los mexicanos que trabajan en Estados Unidos\u201d<\/p><\/blockquote>\n","protected":false},"excerpt":{"rendered":"<p>Luego de que en el medio de comunicaci\u00f3n Reforma se public\u00f3 que el presidente, Andr\u00e9s Manuel L\u00f3pez Obrador,&nbsp; amenaz\u00f3 al grupo y a su due\u00f1o Alejandro Junco en \u2018La Ma\u00f1anera\u2019 &hellip; <a href=\"https:\/\/a3noticias.com.mx\/sandbox\/2022\/02\/18\/amlo-insiste-en-querer-dar-a-conocer-salario-de-carlos-loret-de-mola\/\" class=\"more-link\">Leer m\u00e1s<\/a><\/p>\n","protected":false},"author":2,"featured_media":19003,"comment_status":"open","ping_status":"open","sticky":false,"template":"","format":"standard","meta":{"_monsterinsights_skip_tracking":false,"_monsterinsights_sitenote_active":false,"_monsterinsights_sitenote_note":"","_monsterinsights_sitenote_category":0,"footnotes":""},"categories":[3],"tags":[],"class_list":["post-19002","post","type-post","status-publish","format-standard","has-post-thumbnail","hentry","category-nal","entry"],"aioseo_notices":[],"_links":{"self":[{"href":"https:\/\/a3noticias.com.mx\/sandbox\/wp-json\/wp\/v2\/posts\/19002","targetHints":{"allow":["GET"]}}],"collection":[{"href":"https:\/\/a3noticias.com.mx\/sandbox\/wp-json\/wp\/v2\/posts"}],"about":[{"href":"https:\/\/a3noticias.com.mx\/sandbox\/wp-json\/wp\/v2\/types\/post"}],"author":[{"embeddable":true,"href":"https:\/\/a3noticias.com.mx\/sandbox\/wp-json\/wp\/v2\/users\/2"}],"replies":[{"embeddable":true,"href":"https:\/\/a3noticias.com.mx\/sandbox\/wp-json\/wp\/v2\/comments?post=19002"}],"version-history":[{"count":1,"href":"https:\/\/a3noticias.com.mx\/sandbox\/wp-json\/wp\/v2\/posts\/19002\/revisions"}],"predecessor-version":[{"id":19004,"href":"https:\/\/a3noticias.com.mx\/sandbox\/wp-json\/wp\/v2\/posts\/19002\/revisions\/19004"}],"wp:featuredmedia":[{"embeddable":true,"href":"https:\/\/a3noticias.com.mx\/sandbox\/wp-json\/wp\/v2\/media\/19003"}],"wp:attachment":[{"href":"https:\/\/a3noticias.com.mx\/sandbox\/wp-json\/wp\/v2\/media?parent=19002"}],"wp:term":[{"taxonomy":"category","embeddable":true,"href":"https:\/\/a3noticias.com.mx\/sandbox\/wp-json\/wp\/v2\/categories?post=19002"},{"taxonomy":"post_tag","embeddable":true,"href":"https:\/\/a3noticias.com.mx\/sandbox\/wp-json\/wp\/v2\/tags?post=19002"}],"curies":[{"name":"wp","href":"https:\/\/api.w.org\/{rel}","templated":true}]}}